{"id":42565,"date":"1999-01-01T00:00:00","date_gmt":"1999-01-01T00:00:00","guid":{"rendered":"https:\/\/www.deberes.net\/tesis\/sin-categoria\/objecion-de-conciencia-e-insumision-al-servicio-militar\/"},"modified":"1999-01-01T00:00:00","modified_gmt":"1999-01-01T00:00:00","slug":"objecion-de-conciencia-e-insumision-al-servicio-militar","status":"publish","type":"post","link":"https:\/\/www.deberes.net\/tesis\/ciencias-juridicas-y-derecho\/objecion-de-conciencia-e-insumision-al-servicio-militar\/","title":{"rendered":"Objecion de conciencia e insumision al servicio militar."},"content":{"rendered":"<h2>Tesis doctoral de <strong> Antonio Lopez Alvarez <\/strong><\/h2>\n<p>Se pretende justificar la objeci\u00f3n de conciencia como derecho fundamental del ser humano. Para ello, se ha analizado la cuesti\u00f3n afrontando previamente el problema de la obediencia al derecho, con la finalidad de encontrar un fundamento \u00e9tico que sirva de base a la desobediencia del mismo. A continuaci\u00f3n, y como parte central del trabajo se ha desarrollado el estudio de la objeci\u00f3n de conciencia en sentido gen\u00e9rico examinando las relaciones de la misma con la libertad de conciencia, religiosa e ideol\u00f3gica, para despu\u00e9s iniciar la investigaci\u00f3n de la objeci\u00f3n de conciencia al servicio militar desde una perspectiva internacional y nacional, estudiando las principales soluciones legislativas y jurisprudenciales &#8211; en especial las del tribunal constitucional -, dando respuestas a cuestiones tan esenciales como la posible calificaci\u00f3n de este derecho como fundamental, as\u00ed como el reconocimiento de la objeci\u00f3n de conciencia sobrevenida.  termina el mismo con la investigaci\u00f3n del fen\u00f3meno de la insumisi\u00f3n, y sus principales problemas, como forma de objeci\u00f3n de conciencia radical, con caracteres y objetivos parecidos a los de la desobediencia civil.<\/p>\n<p>&nbsp;<\/p>\n<h3>Datos acad\u00e9micos de la tesis doctoral \u00ab<strong>Objecion de conciencia e insumision al servicio militar.<\/strong>\u00ab<\/h3>\n<ul>\n<li><strong>T\u00edtulo de la tesis:<\/strong>\u00a0 Objecion de conciencia e insumision al servicio militar. <\/li>\n<li><strong>Autor:<\/strong>\u00a0 Antonio Lopez Alvarez <\/li>\n<li><strong>Universidad:<\/strong>\u00a0 San pablo-ceu<\/li>\n<li><strong>Fecha de lectura de la tesis:<\/strong>\u00a0 01\/01\/1999<\/li>\n<\/ul>\n<p>&nbsp;<\/p>\n<h3>Direcci\u00f3n y tribunal<\/h3>\n<ul>\n<li><strong>Director de la tesis<\/strong>\n<ul>\n<li>Enrique Alvarez Conde<\/li>\n<\/ul>\n<\/li>\n<li><strong>Tribunal<\/strong>\n<ul>\n<li>Presidente del tribunal: i\u00f1igo Cavero lataillade <\/li>\n<li>Antonio Fernandez-galiano fernandez (vocal)<\/li>\n<li>Jos\u00e9 Antonio Souto  paz (vocal)<\/li>\n<li>tomas Zamora rodriguez (vocal)<\/li>\n<\/ul>\n<\/li>\n<\/ul>\n<p>&nbsp;<\/p>\n","protected":false},"excerpt":{"rendered":"<p>Tesis doctoral de Antonio Lopez Alvarez Se pretende justificar la objeci\u00f3n de conciencia como derecho fundamental del ser humano. Para [&hellip;]<\/p>\n","protected":false},"author":1,"featured_media":0,"comment_status":"open","ping_status":"open","sticky":false,"template":"","format":"standard","meta":{"site-sidebar-layout":"default","site-content-layout":"","ast-site-content-layout":"","site-content-style":"default","site-sidebar-style":"default","ast-global-header-display":"","ast-banner-title-visibility":"","ast-main-header-display":"","ast-hfb-above-header-display":"","ast-hfb-below-header-display":"","ast-hfb-mobile-header-display":"","site-post-title":"","ast-breadcrumbs-content":"","ast-featured-img":"","footer-sml-layout":"","theme-transparent-header-meta":"","adv-header-id-meta":"","stick-header-meta":"","header-above-stick-meta":"","header-main-stick-meta":"","header-below-stick-meta":"","astra-migrate-meta-layouts":"default","ast-page-background-enabled":"default","ast-page-background-meta":{"desktop":{"background-color":"var(--ast-global-color-4)","background-image":"","background-repeat":"repeat","background-position":"center center","background-size":"auto","background-attachment":"scroll","background-type":"","background-media":"","overlay-type":"","overlay-color":"","overlay-gradient":""},"tablet":{"background-color":"","background-image":"","background-repeat":"repeat","background-position":"center center","background-size":"auto","background-attachment":"scroll","background-type":"","background-media":"","overlay-type":"","overlay-color":"","overlay-gradient":""},"mobile":{"background-color":"","background-image":"","background-repeat":"repeat","background-position":"center center","background-size":"auto","background-attachment":"scroll","background-type":"","background-media":"","overlay-type":"","overlay-color":"","overlay-gradient":""}},"ast-content-background-meta":{"desktop":{"background-color":"var(--ast-global-color-5)","background-image":"","background-repeat":"repeat","background-position":"center center","background-size":"auto","background-attachment":"scroll","background-type":"","background-media":"","overlay-type":"","overlay-color":"","overlay-gradient":""},"tablet":{"background-color":"var(--ast-global-color-5)","background-image":"","background-repeat":"repeat","background-position":"center center","background-size":"auto","background-attachment":"scroll","background-type":"","background-media":"","overlay-type":"","overlay-color":"","overlay-gradient":""},"mobile":{"background-color":"var(--ast-global-color-5)","background-image":"","background-repeat":"repeat","background-position":"center center","background-size":"auto","background-attachment":"scroll","background-type":"","background-media":"","overlay-type":"","overlay-color":"","overlay-gradient":""}},"footnotes":""},"categories":[838,612,1450,979,19869,39800,6408],"tags":[23194,106899,7163,48460,20401,92988],"class_list":["post-42565","post","type-post","status-publish","format-standard","hentry","category-ciencia-politica","category-ciencias-juridicas-y-derecho","category-derecho-constitucional","category-derecho-y-legislacion-nacionales","category-derechos-humanos","category-san-pablo-ceu","category-sociologia-politica","tag-antonio-fernandez-galiano-fernandez","tag-antonio-lopez-alvarez","tag-enrique-alvarez-conde","tag-inigo-cavero-lataillade","tag-jose-antonio-souto-paz","tag-tomas-zamora-rodriguez"],"_links":{"self":[{"href":"https:\/\/www.deberes.net\/tesis\/wp-json\/wp\/v2\/posts\/42565","targetHints":{"allow":["GET"]}}],"collection":[{"href":"https:\/\/www.deberes.net\/tesis\/wp-json\/wp\/v2\/posts"}],"about":[{"href":"https:\/\/www.deberes.net\/tesis\/wp-json\/wp\/v2\/types\/post"}],"author":[{"embeddable":true,"href":"https:\/\/www.deberes.net\/tesis\/wp-json\/wp\/v2\/users\/1"}],"replies":[{"embeddable":true,"href":"https:\/\/www.deberes.net\/tesis\/wp-json\/wp\/v2\/comments?post=42565"}],"version-history":[{"count":0,"href":"https:\/\/www.deberes.net\/tesis\/wp-json\/wp\/v2\/posts\/42565\/revisions"}],"wp:attachment":[{"href":"https:\/\/www.deberes.net\/tesis\/wp-json\/wp\/v2\/media?parent=42565"}],"wp:term":[{"taxonomy":"category","embeddable":true,"href":"https:\/\/www.deberes.net\/tesis\/wp-json\/wp\/v2\/categories?post=42565"},{"taxonomy":"post_tag","embeddable":true,"href":"https:\/\/www.deberes.net\/tesis\/wp-json\/wp\/v2\/tags?post=42565"}],"curies":[{"name":"wp","href":"https:\/\/api.w.org\/{rel}","templated":true}]}}