{"id":42609,"date":"1999-01-01T00:00:00","date_gmt":"1999-01-01T00:00:00","guid":{"rendered":"https:\/\/www.deberes.net\/tesis\/sin-categoria\/muerte-y-sociedad-en-burgos-en-el-siglo-xvi\/"},"modified":"1999-01-01T00:00:00","modified_gmt":"1999-01-01T00:00:00","slug":"muerte-y-sociedad-en-burgos-en-el-siglo-xvi","status":"publish","type":"post","link":"https:\/\/www.deberes.net\/tesis\/historia\/muerte-y-sociedad-en-burgos-en-el-siglo-xvi\/","title":{"rendered":"Muerte y sociedad en burgos en el siglo xvi."},"content":{"rendered":"<h2>Tesis doctoral de <strong> Carlos Polanco Melero <\/strong><\/h2>\n<p>La tesis doctoral muerte y sociedad en burgos en el siglo xvi se articula en torno a los siguientes temas: el concepto de buena muerte y su evoluci\u00f3n a lo largo del siglo xvi, las cl\u00e1usulas iniciales testamentarias como indicadores de una mentalidad colectiva, los comportamientos sociales y el ritual en la agon\u00eda y el entierro, las cl\u00e1usulas dispositivas y de car\u00e1cter espiritual y propiciatorio (misas, limosnas y fundaciones), la iconograf\u00eda y la simbolog\u00eda funerarias. la principal fuente documental utilizada son los protocolos notariales, y dentro de \u00e9stos los testamentos, pero tambi\u00e9n inventarios de bienes, escrituras de fundaci\u00f3n y todas aquellas relacionadas con los lugares de enterramiento y las manifestaciones art\u00edsticas funerarias. Se ha obtenido informaci\u00f3n de los libros parroquiales de f\u00e1brica y difuntos, as\u00ed como de libros de cuentas, acuerdos y reglas de cofrad\u00edas.  para completar una visi\u00f3n de conjunto, pero siempre con un car\u00e1cter complementario, se ha acudido a tratados religiosos, fuentes literarias, obras catequ\u00e9ticas y constituciones sinodales. Por \u00faltimo, se ha querido dar singular importancia al arte funerario como fuente para el estudio de las mentalidades, en lo que se refiere a su iconograf\u00eda, simbolog\u00eda y sociolog\u00eda.<\/p>\n<p>&nbsp;<\/p>\n<h3>Datos acad\u00e9micos de la tesis doctoral \u00ab<strong>Muerte y sociedad en burgos en el siglo xvi.<\/strong>\u00ab<\/h3>\n<ul>\n<li><strong>T\u00edtulo de la tesis:<\/strong>\u00a0 Muerte y sociedad en burgos en el siglo xvi. <\/li>\n<li><strong>Autor:<\/strong>\u00a0 Carlos Polanco Melero <\/li>\n<li><strong>Universidad:<\/strong>\u00a0 Burgos<\/li>\n<li><strong>Fecha de lectura de la tesis:<\/strong>\u00a0 01\/01\/1999<\/li>\n<\/ul>\n<p>&nbsp;<\/p>\n<h3>Direcci\u00f3n y tribunal<\/h3>\n<ul>\n<li><strong>Director de la tesis<\/strong>\n<ul>\n<li> Iba\u00f1ez Perez Alberto C.<\/li>\n<\/ul>\n<\/li>\n<li><strong>Tribunal<\/strong>\n<ul>\n<li>Presidente del tribunal: Jos\u00e9 Antonio Fernandez florez <\/li>\n<li> Parrado del olmo Jes\u00fas Mar\u00eda (vocal)<\/li>\n<li>teofanes Egido lopez (vocal)<\/li>\n<li>Fernando Martinez gil (vocal)<\/li>\n<\/ul>\n<\/li>\n<\/ul>\n<p>&nbsp;<\/p>\n","protected":false},"excerpt":{"rendered":"<p>Tesis doctoral de Carlos Polanco Melero La tesis doctoral muerte y sociedad en burgos en el siglo xvi se articula [&hellip;]<\/p>\n","protected":false},"author":1,"featured_media":0,"comment_status":"open","ping_status":"open","sticky":false,"template":"","format":"standard","meta":{"site-sidebar-layout":"default","site-content-layout":"","ast-site-content-layout":"","site-content-style":"default","site-sidebar-style":"default","ast-global-header-display":"","ast-banner-title-visibility":"","ast-main-header-display":"","ast-hfb-above-header-display":"","ast-hfb-below-header-display":"","ast-hfb-mobile-header-display":"","site-post-title":"","ast-breadcrumbs-content":"","ast-featured-img":"","footer-sml-layout":"","theme-transparent-header-meta":"","adv-header-id-meta":"","stick-header-meta":"","header-above-stick-meta":"","header-main-stick-meta":"","header-below-stick-meta":"","astra-migrate-meta-layouts":"default","ast-page-background-enabled":"default","ast-page-background-meta":{"desktop":{"background-color":"var(--ast-global-color-4)","background-image":"","background-repeat":"repeat","background-position":"center center","background-size":"auto","background-attachment":"scroll","background-type":"","background-media":"","overlay-type":"","overlay-color":"","overlay-gradient":""},"tablet":{"background-color":"","background-image":"","background-repeat":"repeat","background-position":"center center","background-size":"auto","background-attachment":"scroll","background-type":"","background-media":"","overlay-type":"","overlay-color":"","overlay-gradient":""},"mobile":{"background-color":"","background-image":"","background-repeat":"repeat","background-position":"center center","background-size":"auto","background-attachment":"scroll","background-type":"","background-media":"","overlay-type":"","overlay-color":"","overlay-gradient":""}},"ast-content-background-meta":{"desktop":{"background-color":"var(--ast-global-color-5)","background-image":"","background-repeat":"repeat","background-position":"center center","background-size":"auto","background-attachment":"scroll","background-type":"","background-media":"","overlay-type":"","overlay-color":"","overlay-gradient":""},"tablet":{"background-color":"var(--ast-global-color-5)","background-image":"","background-repeat":"repeat","background-position":"center center","background-size":"auto","background-attachment":"scroll","background-type":"","background-media":"","overlay-type":"","overlay-color":"","overlay-gradient":""},"mobile":{"background-color":"var(--ast-global-color-5)","background-image":"","background-repeat":"repeat","background-position":"center center","background-size":"auto","background-attachment":"scroll","background-type":"","background-media":"","overlay-type":"","overlay-color":"","overlay-gradient":""}},"footnotes":""},"categories":[37674,104,1014,989,220,222],"tags":[106961,68557,12770,12895,70172,3360],"class_list":["post-42609","post","type-post","status-publish","format-standard","hentry","category-burgos","category-historia","category-historia-del-arte","category-historia-moderna","category-historia-por-epocas","category-historias-especializadas","tag-carlos-polanco-melero","tag-fernando-Martinez-gil","tag-ibanez-perez-alberto-c","tag-jose-antonio-fernandez-florez","tag-parrado-del-olmo-jesus-maria","tag-teofanes-egido-lopez"],"_links":{"self":[{"href":"https:\/\/www.deberes.net\/tesis\/wp-json\/wp\/v2\/posts\/42609","targetHints":{"allow":["GET"]}}],"collection":[{"href":"https:\/\/www.deberes.net\/tesis\/wp-json\/wp\/v2\/posts"}],"about":[{"href":"https:\/\/www.deberes.net\/tesis\/wp-json\/wp\/v2\/types\/post"}],"author":[{"embeddable":true,"href":"https:\/\/www.deberes.net\/tesis\/wp-json\/wp\/v2\/users\/1"}],"replies":[{"embeddable":true,"href":"https:\/\/www.deberes.net\/tesis\/wp-json\/wp\/v2\/comments?post=42609"}],"version-history":[{"count":0,"href":"https:\/\/www.deberes.net\/tesis\/wp-json\/wp\/v2\/posts\/42609\/revisions"}],"wp:attachment":[{"href":"https:\/\/www.deberes.net\/tesis\/wp-json\/wp\/v2\/media?parent=42609"}],"wp:term":[{"taxonomy":"category","embeddable":true,"href":"https:\/\/www.deberes.net\/tesis\/wp-json\/wp\/v2\/categories?post=42609"},{"taxonomy":"post_tag","embeddable":true,"href":"https:\/\/www.deberes.net\/tesis\/wp-json\/wp\/v2\/tags?post=42609"}],"curies":[{"name":"wp","href":"https:\/\/api.w.org\/{rel}","templated":true}]}}