{"id":42657,"date":"2018-03-09T09:44:37","date_gmt":"2018-03-09T09:44:37","guid":{"rendered":"https:\/\/www.deberes.net\/tesis\/sin-categoria\/estudio-de-la-oclusion-en-una-poblacion-medieval\/"},"modified":"2018-03-09T09:44:37","modified_gmt":"2018-03-09T09:44:37","slug":"estudio-de-la-oclusion-en-una-poblacion-medieval","status":"publish","type":"post","link":"https:\/\/www.deberes.net\/tesis\/ciencias-medicas\/estudio-de-la-oclusion-en-una-poblacion-medieval\/","title":{"rendered":"Estudio de la oclusi\u00f3n en una poblaci\u00f3n medieval"},"content":{"rendered":"<h2>Tesis doctoral de <strong>  Vazquez Salceda M. Carmen <\/strong><\/h2>\n<p>Se estudiaron las caracter\u00edsticas craneofaciales de una muestra de 56 cr\u00e1neos adultos altomedievales del yacimiento de la olmeda (palencia); tanto en comparaci\u00f3n intrapoblacional (distintos ritos funerarios), como en comparaci\u00f3n con datos de poblaciones adultas actuales.  entre otras medidas, se utiliz\u00f3 una adaptaci\u00f3n del m\u00e9todo b\u00e1sico de registro de caracter\u00edsticas oclusales de la organizaci\u00f3n mundial de la salud (oms) y de la federaci\u00f3n dental internacional (fdi), as\u00ed como valores procedentes de distintos an\u00e1lisis cefalom\u00e9tricos laterales y frontales. en la comparaci\u00f3n intrapoblacional s\u00f3lo se encontraron diferencias asociadas al habitual dimorfismo sexual. En la comparaci\u00f3n con las poblaciones actuales destacaba el comportamiento opuesto de los valores axiales: los valores sagitales eran mayores en las poblaciones actuales, mientras que los valores transversales eran mayores en la muestra medieval.  la similitud intrapoblacional sugiere una base gen\u00e9tica com\u00fan pese a las diferencias culturales. El patr\u00f3n de las diferencias interpoblacionales puede atribuirse con mayor probabilidad a la tendencia secular del crecimiento y a cambios adaptativos funcionales, m\u00e1s que a cambios evolutivos gen\u00e9ticos.<\/p>\n<p>&nbsp;<\/p>\n<h3>Datos acad\u00e9micos de la tesis doctoral \u00ab<strong>Estudio de la oclusi\u00f3n en una poblaci\u00f3n medieval<\/strong>\u00ab<\/h3>\n<ul>\n<li><strong>T\u00edtulo de la tesis:<\/strong>\u00a0 Estudio de la oclusi\u00f3n en una poblaci\u00f3n medieval <\/li>\n<li><strong>Autor:<\/strong>\u00a0  Vazquez Salceda M. Carmen <\/li>\n<li><strong>Universidad:<\/strong>\u00a0 Barcelona<\/li>\n<li><strong>Fecha de lectura de la tesis:<\/strong>\u00a0 22\/01\/1999<\/li>\n<\/ul>\n<p>&nbsp;<\/p>\n<h3>Direcci\u00f3n y tribunal<\/h3>\n<ul>\n<li><strong>Director de la tesis<\/strong>\n<ul>\n<li>Josep Mar\u00eda Ustrell Torrent<\/li>\n<\/ul>\n<\/li>\n<li><strong>Tribunal<\/strong>\n<ul>\n<li>Presidente del tribunal: elena Barber\u00eda leache <\/li>\n<li>Alberto Prats galino (vocal)<\/li>\n<li>mario Menendez nu\u00f1ez (vocal)<\/li>\n<li>alejandro Mart\u00ednez perez-perez (vocal)<\/li>\n<\/ul>\n<\/li>\n<\/ul>\n<p>&nbsp;<\/p>\n","protected":false},"excerpt":{"rendered":"<p>Tesis doctoral de Vazquez Salceda M. Carmen Se estudiaron las caracter\u00edsticas craneofaciales de una muestra de 56 cr\u00e1neos adultos altomedievales [&hellip;]<\/p>\n","protected":false},"author":1,"featured_media":0,"comment_status":"open","ping_status":"open","sticky":false,"template":"","format":"standard","meta":{"site-sidebar-layout":"default","site-content-layout":"","ast-site-content-layout":"","site-content-style":"default","site-sidebar-style":"default","ast-global-header-display":"","ast-banner-title-visibility":"","ast-main-header-display":"","ast-hfb-above-header-display":"","ast-hfb-below-header-display":"","ast-hfb-mobile-header-display":"","site-post-title":"","ast-breadcrumbs-content":"","ast-featured-img":"","footer-sml-layout":"","theme-transparent-header-meta":"","adv-header-id-meta":"","stick-header-meta":"","header-above-stick-meta":"","header-main-stick-meta":"","header-below-stick-meta":"","astra-migrate-meta-layouts":"default","ast-page-background-enabled":"default","ast-page-background-meta":{"desktop":{"background-color":"var(--ast-global-color-4)","background-image":"","background-repeat":"repeat","background-position":"center center","background-size":"auto","background-attachment":"scroll","background-type":"","background-media":"","overlay-type":"","overlay-color":"","overlay-gradient":""},"tablet":{"background-color":"","background-image":"","background-repeat":"repeat","background-position":"center center","background-size":"auto","background-attachment":"scroll","background-type":"","background-media":"","overlay-type":"","overlay-color":"","overlay-gradient":""},"mobile":{"background-color":"","background-image":"","background-repeat":"repeat","background-position":"center center","background-size":"auto","background-attachment":"scroll","background-type":"","background-media":"","overlay-type":"","overlay-color":"","overlay-gradient":""}},"ast-content-background-meta":{"desktop":{"background-color":"var(--ast-global-color-5)","background-image":"","background-repeat":"repeat","background-position":"center center","background-size":"auto","background-attachment":"scroll","background-type":"","background-media":"","overlay-type":"","overlay-color":"","overlay-gradient":""},"tablet":{"background-color":"var(--ast-global-color-5)","background-image":"","background-repeat":"repeat","background-position":"center center","background-size":"auto","background-attachment":"scroll","background-type":"","background-media":"","overlay-type":"","overlay-color":"","overlay-gradient":""},"mobile":{"background-color":"var(--ast-global-color-5)","background-image":"","background-repeat":"repeat","background-position":"center center","background-size":"auto","background-attachment":"scroll","background-type":"","background-media":"","overlay-type":"","overlay-color":"","overlay-gradient":""}},"footnotes":""},"categories":[922,5863,951,35,9,141,140],"tags":[46954,107040,4995,20451,21766,107039],"class_list":["post-42657","post","type-post","status-publish","format-standard","hentry","category-antropologia-fisica","category-antropologia-medica","category-barcelona","category-ciencias-de-la-vida","category-ciencias-medicas","category-cirugia","category-estomatologia-y-ortodoncia","tag-alberto-prats-galino","tag-alejandro-Martinez-perez-perez","tag-elena-barberia-leache","tag-josep-maria-ustrell-torrent","tag-mario-menendez-nunez","tag-vazquez-salceda-m-carmen"],"_links":{"self":[{"href":"https:\/\/www.deberes.net\/tesis\/wp-json\/wp\/v2\/posts\/42657","targetHints":{"allow":["GET"]}}],"collection":[{"href":"https:\/\/www.deberes.net\/tesis\/wp-json\/wp\/v2\/posts"}],"about":[{"href":"https:\/\/www.deberes.net\/tesis\/wp-json\/wp\/v2\/types\/post"}],"author":[{"embeddable":true,"href":"https:\/\/www.deberes.net\/tesis\/wp-json\/wp\/v2\/users\/1"}],"replies":[{"embeddable":true,"href":"https:\/\/www.deberes.net\/tesis\/wp-json\/wp\/v2\/comments?post=42657"}],"version-history":[{"count":0,"href":"https:\/\/www.deberes.net\/tesis\/wp-json\/wp\/v2\/posts\/42657\/revisions"}],"wp:attachment":[{"href":"https:\/\/www.deberes.net\/tesis\/wp-json\/wp\/v2\/media?parent=42657"}],"wp:term":[{"taxonomy":"category","embeddable":true,"href":"https:\/\/www.deberes.net\/tesis\/wp-json\/wp\/v2\/categories?post=42657"},{"taxonomy":"post_tag","embeddable":true,"href":"https:\/\/www.deberes.net\/tesis\/wp-json\/wp\/v2\/tags?post=42657"}],"curies":[{"name":"wp","href":"https:\/\/api.w.org\/{rel}","templated":true}]}}