{"id":42658,"date":"2018-03-09T09:44:37","date_gmt":"2018-03-09T09:44:37","guid":{"rendered":"https:\/\/www.deberes.net\/tesis\/sin-categoria\/el-retracto-convencional-relacion-juridica-y-derecho-subjetivo\/"},"modified":"2018-03-09T09:44:37","modified_gmt":"2018-03-09T09:44:37","slug":"el-retracto-convencional-relacion-juridica-y-derecho-subjetivo","status":"publish","type":"post","link":"https:\/\/www.deberes.net\/tesis\/ciencias-juridicas-y-derecho\/el-retracto-convencional-relacion-juridica-y-derecho-subjetivo\/","title":{"rendered":"El retracto convencional: relacion juridica y derecho subjetivo."},"content":{"rendered":"<h2>Tesis doctoral de <strong> Jacobo Bernardo Mateo Sanz <\/strong><\/h2>\n<p>En el presente trabajo se ha pretendido realizar un estudio de la figura un retracto convencional o pacto de retro, ci\u00f1\u00e9ndome principalmente -como del titulo se concluye- a cuestiones relativas a su naturaleza.  la introducci\u00f3n de la tesis doctoral busca determinar si la expresi\u00f3n retracto convencional es corresponde en sentido propio con lo que el c\u00f3digo civil regula en los art\u00edculos 1.507 y siguientes, o si m\u00e1s bien cuando se habla del retracto convencional nos encontramos ante una figura id\u00e9ntica al retracto legal pero con el matiz de que no viene establecido por la ley sino por las partes. Desde esta segunda perspectiva lo que el c\u00f3digo regula en los mencionados art\u00edculos se corresponder\u00eda con el pacto de retro pero no con el retracto convencional. A una conclusi\u00f3n distinta se llega en el trabajo, al considerar por una parte que pacto de retro y retracto convencional son t\u00e9rminos sin\u00f3nimos; y por otra, que el retracto igual al legan pero querido por las partes cabr\u00e1 atribuirle otras denominaciones -voluntario, paccionado, negocial o sui generis- pero no lade retracto convencional.  la primera parte de la investigaci\u00f3n est\u00e1 destinada al estudio del retracto convencional como relaci\u00f3n jur\u00eddica secundaria de la relaci\u00f3n jur\u00eddica primaria de compraventa. Esa relaci\u00f3n jur\u00eddica de retracto por su car\u00e1cter secundario y accesorio se distingue de otros elementos esenciales o naturales de la compraventa. As\u00ed mismo, en el contrato de compraventa con pacto de retro hay una dualidad de relaciones en un \u00fanico contrato de compraventa , y no dos contratos de compra-venta como se ha admitido en algun sector de la doctrina germ\u00e1nica.  en la segunda parte del trabajo se estudia el ejercicio del retro como derecho subjetiv de car\u00e1cter potestativo; a estos efectos se hace un an\u00e1lisis de los derechos potestativo y subjetivo con la intenci\u00f3n de atribuirle al derecho potestativo -y por tanto el retracto convencional- la natura<\/p>\n<p>&nbsp;<\/p>\n<h3>Datos acad\u00e9micos de la tesis doctoral \u00ab<strong>El retracto convencional: relacion juridica y derecho subjetivo.<\/strong>\u00ab<\/h3>\n<ul>\n<li><strong>T\u00edtulo de la tesis:<\/strong>\u00a0 El retracto convencional: relacion juridica y derecho subjetivo. <\/li>\n<li><strong>Autor:<\/strong>\u00a0 Jacobo Bernardo Mateo Sanz <\/li>\n<li><strong>Universidad:<\/strong>\u00a0 Valladolid<\/li>\n<li><strong>Fecha de lectura de la tesis:<\/strong>\u00a0 22\/01\/1999<\/li>\n<\/ul>\n<p>&nbsp;<\/p>\n<h3>Direcci\u00f3n y tribunal<\/h3>\n<ul>\n<li><strong>Director de la tesis<\/strong>\n<ul>\n<li>Ignacio Serrano Garc\u00eda<\/li>\n<\/ul>\n<\/li>\n<li><strong>Tribunal<\/strong>\n<ul>\n<li>Presidente del tribunal: gabriel Garcia cantero <\/li>\n<li>Jos\u00e9 Antonio Doral garcia de pazos (vocal)<\/li>\n<li> Montes penades vicente l. (vocal)<\/li>\n<li>Luis ignacio Arechederra aranzadi (vocal)<\/li>\n<\/ul>\n<\/li>\n<\/ul>\n<p>&nbsp;<\/p>\n","protected":false},"excerpt":{"rendered":"<p>Tesis doctoral de Jacobo Bernardo Mateo Sanz En el presente trabajo se ha pretendido realizar un estudio de la figura [&hellip;]<\/p>\n","protected":false},"author":1,"featured_media":0,"comment_status":"open","ping_status":"open","sticky":false,"template":"","format":"standard","meta":{"site-sidebar-layout":"default","site-content-layout":"","ast-site-content-layout":"","site-content-style":"default","site-sidebar-style":"default","ast-global-header-display":"","ast-banner-title-visibility":"","ast-main-header-display":"","ast-hfb-above-header-display":"","ast-hfb-below-header-display":"","ast-hfb-mobile-header-display":"","site-post-title":"","ast-breadcrumbs-content":"","ast-featured-img":"","footer-sml-layout":"","theme-transparent-header-meta":"","adv-header-id-meta":"","stick-header-meta":"","header-above-stick-meta":"","header-main-stick-meta":"","header-below-stick-meta":"","astra-migrate-meta-layouts":"default","ast-page-background-enabled":"default","ast-page-background-meta":{"desktop":{"background-color":"var(--ast-global-color-4)","background-image":"","background-repeat":"repeat","background-position":"center center","background-size":"auto","background-attachment":"scroll","background-type":"","background-media":"","overlay-type":"","overlay-color":"","overlay-gradient":""},"tablet":{"background-color":"","background-image":"","background-repeat":"repeat","background-position":"center center","background-size":"auto","background-attachment":"scroll","background-type":"","background-media":"","overlay-type":"","overlay-color":"","overlay-gradient":""},"mobile":{"background-color":"","background-image":"","background-repeat":"repeat","background-position":"center center","background-size":"auto","background-attachment":"scroll","background-type":"","background-media":"","overlay-type":"","overlay-color":"","overlay-gradient":""}},"ast-content-background-meta":{"desktop":{"background-color":"var(--ast-global-color-5)","background-image":"","background-repeat":"repeat","background-position":"center center","background-size":"auto","background-attachment":"scroll","background-type":"","background-media":"","overlay-type":"","overlay-color":"","overlay-gradient":""},"tablet":{"background-color":"var(--ast-global-color-5)","background-image":"","background-repeat":"repeat","background-position":"center center","background-size":"auto","background-attachment":"scroll","background-type":"","background-media":"","overlay-type":"","overlay-color":"","overlay-gradient":""},"mobile":{"background-color":"var(--ast-global-color-5)","background-image":"","background-repeat":"repeat","background-position":"center center","background-size":"auto","background-attachment":"scroll","background-type":"","background-media":"","overlay-type":"","overlay-color":"","overlay-gradient":""}},"footnotes":""},"categories":[612,1251,979,12451],"tags":[11196,23271,107041,17913,32292,46403],"class_list":["post-42658","post","type-post","status-publish","format-standard","hentry","category-ciencias-juridicas-y-derecho","category-derecho-civil","category-derecho-y-legislacion-nacionales","category-valladolid","tag-gabriel-garcia-cantero","tag-ignacio-serrano-garcia","tag-jacobo-bernardo-mateo-sanz","tag-jose-antonio-doral-garcia-de-pazos","tag-luis-ignacio-arechederra-aranzadi","tag-montes-penades-vicente-l"],"_links":{"self":[{"href":"https:\/\/www.deberes.net\/tesis\/wp-json\/wp\/v2\/posts\/42658","targetHints":{"allow":["GET"]}}],"collection":[{"href":"https:\/\/www.deberes.net\/tesis\/wp-json\/wp\/v2\/posts"}],"about":[{"href":"https:\/\/www.deberes.net\/tesis\/wp-json\/wp\/v2\/types\/post"}],"author":[{"embeddable":true,"href":"https:\/\/www.deberes.net\/tesis\/wp-json\/wp\/v2\/users\/1"}],"replies":[{"embeddable":true,"href":"https:\/\/www.deberes.net\/tesis\/wp-json\/wp\/v2\/comments?post=42658"}],"version-history":[{"count":0,"href":"https:\/\/www.deberes.net\/tesis\/wp-json\/wp\/v2\/posts\/42658\/revisions"}],"wp:attachment":[{"href":"https:\/\/www.deberes.net\/tesis\/wp-json\/wp\/v2\/media?parent=42658"}],"wp:term":[{"taxonomy":"category","embeddable":true,"href":"https:\/\/www.deberes.net\/tesis\/wp-json\/wp\/v2\/categories?post=42658"},{"taxonomy":"post_tag","embeddable":true,"href":"https:\/\/www.deberes.net\/tesis\/wp-json\/wp\/v2\/tags?post=42658"}],"curies":[{"name":"wp","href":"https:\/\/api.w.org\/{rel}","templated":true}]}}