{"id":42661,"date":"2018-03-09T09:44:38","date_gmt":"2018-03-09T09:44:38","guid":{"rendered":"https:\/\/www.deberes.net\/tesis\/sin-categoria\/las-juntas-de-defensa-militares-1916-1917-1923-1936-el-sindicalismo-en-el-ejercito-y-su-repercusion-pola%c2%adtica-durante-el-reinado-de-alfonso-xiii\/"},"modified":"2018-03-09T09:44:38","modified_gmt":"2018-03-09T09:44:38","slug":"las-juntas-de-defensa-militares-1916-1917-1923-1936-el-sindicalismo-en-el-ejercito-y-su-repercusion-pola%c2%adtica-durante-el-reinado-de-alfonso-xiii","status":"publish","type":"post","link":"https:\/\/www.deberes.net\/tesis\/historia\/las-juntas-de-defensa-militares-1916-1917-1923-1936-el-sindicalismo-en-el-ejercito-y-su-repercusion-pola%c2%adtica-durante-el-reinado-de-alfonso-xiii\/","title":{"rendered":"Las juntas de defensa militares, (1916\/1917 &#8211; 1923\/1936): el sindicalismo en el ej\u00e9rcito y su repercusi\u00f3n pol\u00edtica durante el reinado de alfonso xiii"},"content":{"rendered":"<h2>Tesis doctoral de <strong> Ana Isabel Alonso Iba\u00f1ez <\/strong><\/h2>\n<p>Las juntas de defensa militares fueron el primer sindicato de masas del ej\u00e9rcito espa\u00f1ol. Ya hab\u00eda habido protestas desde 1909, por el abuso en la concesi\u00f3n de ascensos por m\u00e9ritos de guerra en marruecos, pero las juntas de defensa nacieron en 1916 entre los oficiales _de tenientes a coroneles_ inclusive de la escala activa del arma de infanter\u00eda, buscando la escala cerrada. El gobierno supo de su existencia a primeros de 1917; al negarse a obedecer su \u00f3rden de disoluci\u00f3n, provocaron el 1 de junio la primera crisis de las tres que se dieron ese verano (julio la asamblea de parlamentarios, agosto la huelga general). Las juntas de defensa de oficiales fueron copiadas inmediatamente por las clases de tropa de segunda categor\u00eda -suboficiales, brigadas y sargentos- y de primera categor\u00eda -cabos y soldados-, sin ning\u00fan m\u00f3vil revolucionario o subversivo, s\u00f3lo con el deseo de mayor dignificaci\u00f3n profesional y social.  llegaron a crear una junta central -Valencia- que aglutinaba a todas las clases, de todas las armas, etc., En toda espa\u00f1a y marruecos. Contra las juntas de clases de tropa el ministerio de la guerra adopt\u00f3 el 3 y 4 de enero de 1918 la tajante medida de su disoluci\u00f3n y separaci\u00f3n del ej\u00e9rcito de parte de sus miembros. El gobierno al principio no quiso obrar igual con las juntas de defensa de oficiales; cuando lo pretendi\u00f3, no pudo. porque estos organismos, aunque no lograron de momento su deseo de ser reconocidos, se implicaron cada vez m\u00e1s en pol\u00edtica, interviniendo en la formaci\u00f3n y ca\u00edda de gobiernos; influyendo en la legislaci\u00f3n del ministerio de la guerra, y convirti\u00e9ndose en entes dictatoriales para sus propios seguidores, bajo la amenaza de tribunales de honor, que muchos padecieron. en diciembre de 1919 se las reconoci\u00f3 oficialmente, pero no fue hasta agosto de 1920 cuando se aprob\u00f3 la legislaci\u00f3n que las integraba en el ministerio de la guerra, transformadas en organismos consultivos: las comisi<\/p>\n<p>&nbsp;<\/p>\n<h3>Datos acad\u00e9micos de la tesis doctoral \u00ab<strong>Las juntas de defensa militares, (1916\/1917 &#8211; 1923\/1936): el sindicalismo en el ej\u00e9rcito y su repercusi\u00f3n pol\u00edtica durante el reinado de alfonso xiii<\/strong>\u00ab<\/h3>\n<ul>\n<li><strong>T\u00edtulo de la tesis:<\/strong>\u00a0 Las juntas de defensa militares, (1916\/1917 &#8211; 1923\/1936): el sindicalismo en el ej\u00e9rcito y su repercusi\u00f3n pol\u00edtica durante el reinado de alfonso xiii <\/li>\n<li><strong>Autor:<\/strong>\u00a0 Ana Isabel Alonso Iba\u00f1ez <\/li>\n<li><strong>Universidad:<\/strong>\u00a0 Complutense de Madrid<\/li>\n<li><strong>Fecha de lectura de la tesis:<\/strong>\u00a0 25\/01\/1999<\/li>\n<\/ul>\n<p>&nbsp;<\/p>\n<h3>Direcci\u00f3n y tribunal<\/h3>\n<ul>\n<li><strong>Director de la tesis<\/strong>\n<ul>\n<li>Antonio Fern\u00e1ndez Garc\u00eda<\/li>\n<\/ul>\n<\/li>\n<li><strong>Tribunal<\/strong>\n<ul>\n<li>Presidente del tribunal: jose Cepeda g\u00f3mez <\/li>\n<li>Antonio Moliner prada (vocal)<\/li>\n<li>Elena Hernandez sandoica (vocal)<\/li>\n<li>Carlos Navajas zubeldia (vocal)<\/li>\n<\/ul>\n<\/li>\n<\/ul>\n<p>&nbsp;<\/p>\n","protected":false},"excerpt":{"rendered":"<p>Tesis doctoral de Ana Isabel Alonso Iba\u00f1ez Las juntas de defensa militares fueron el primer sindicato de masas del ej\u00e9rcito [&hellip;]<\/p>\n","protected":false},"author":1,"featured_media":0,"comment_status":"open","ping_status":"open","sticky":false,"template":"","format":"standard","meta":{"site-sidebar-layout":"default","site-content-layout":"","ast-site-content-layout":"","site-content-style":"default","site-sidebar-style":"default","ast-global-header-display":"","ast-banner-title-visibility":"","ast-main-header-display":"","ast-hfb-above-header-display":"","ast-hfb-below-header-display":"","ast-hfb-mobile-header-display":"","site-post-title":"","ast-breadcrumbs-content":"","ast-featured-img":"","footer-sml-layout":"","theme-transparent-header-meta":"","adv-header-id-meta":"","stick-header-meta":"","header-above-stick-meta":"","header-main-stick-meta":"","header-below-stick-meta":"","astra-migrate-meta-layouts":"default","ast-page-background-enabled":"default","ast-page-background-meta":{"desktop":{"background-color":"var(--ast-global-color-4)","background-image":"","background-repeat":"repeat","background-position":"center center","background-size":"auto","background-attachment":"scroll","background-type":"","background-media":"","overlay-type":"","overlay-color":"","overlay-gradient":""},"tablet":{"background-color":"","background-image":"","background-repeat":"repeat","background-position":"center center","background-size":"auto","background-attachment":"scroll","background-type":"","background-media":"","overlay-type":"","overlay-color":"","overlay-gradient":""},"mobile":{"background-color":"","background-image":"","background-repeat":"repeat","background-position":"center center","background-size":"auto","background-attachment":"scroll","background-type":"","background-media":"","overlay-type":"","overlay-color":"","overlay-gradient":""}},"ast-content-background-meta":{"desktop":{"background-color":"var(--ast-global-color-5)","background-image":"","background-repeat":"repeat","background-position":"center center","background-size":"auto","background-attachment":"scroll","background-type":"","background-media":"","overlay-type":"","overlay-color":"","overlay-gradient":""},"tablet":{"background-color":"var(--ast-global-color-5)","background-image":"","background-repeat":"repeat","background-position":"center center","background-size":"auto","background-attachment":"scroll","background-type":"","background-media":"","overlay-type":"","overlay-color":"","overlay-gradient":""},"mobile":{"background-color":"var(--ast-global-color-5)","background-image":"","background-repeat":"repeat","background-position":"center center","background-size":"auto","background-attachment":"scroll","background-type":"","background-media":"","overlay-type":"","overlay-color":"","overlay-gradient":""}},"footnotes":""},"categories":[104,1816,220],"tags":[107045,5185,38841,107046,64064,4938],"class_list":["post-42661","post","type-post","status-publish","format-standard","hentry","category-historia","category-historia-contemporanea","category-historia-por-epocas","tag-ana-isabel-alonso-ibanez","tag-antonio-fernandez-garcia","tag-antonio-moliner-prada","tag-carlos-navajas-zubeldia","tag-elena-hernandez-sandoica","tag-jose-cepeda-gomez"],"_links":{"self":[{"href":"https:\/\/www.deberes.net\/tesis\/wp-json\/wp\/v2\/posts\/42661","targetHints":{"allow":["GET"]}}],"collection":[{"href":"https:\/\/www.deberes.net\/tesis\/wp-json\/wp\/v2\/posts"}],"about":[{"href":"https:\/\/www.deberes.net\/tesis\/wp-json\/wp\/v2\/types\/post"}],"author":[{"embeddable":true,"href":"https:\/\/www.deberes.net\/tesis\/wp-json\/wp\/v2\/users\/1"}],"replies":[{"embeddable":true,"href":"https:\/\/www.deberes.net\/tesis\/wp-json\/wp\/v2\/comments?post=42661"}],"version-history":[{"count":0,"href":"https:\/\/www.deberes.net\/tesis\/wp-json\/wp\/v2\/posts\/42661\/revisions"}],"wp:attachment":[{"href":"https:\/\/www.deberes.net\/tesis\/wp-json\/wp\/v2\/media?parent=42661"}],"wp:term":[{"taxonomy":"category","embeddable":true,"href":"https:\/\/www.deberes.net\/tesis\/wp-json\/wp\/v2\/categories?post=42661"},{"taxonomy":"post_tag","embeddable":true,"href":"https:\/\/www.deberes.net\/tesis\/wp-json\/wp\/v2\/tags?post=42661"}],"curies":[{"name":"wp","href":"https:\/\/api.w.org\/{rel}","templated":true}]}}