{"id":42671,"date":"2018-03-09T09:44:38","date_gmt":"2018-03-09T09:44:38","guid":{"rendered":"https:\/\/www.deberes.net\/tesis\/sin-categoria\/particulares-y-derechos-en-el-derecho\/"},"modified":"2018-03-09T09:44:38","modified_gmt":"2018-03-09T09:44:38","slug":"particulares-y-derechos-en-el-derecho","status":"publish","type":"post","link":"https:\/\/www.deberes.net\/tesis\/ciencias-juridicas-y-derecho\/particulares-y-derechos-en-el-derecho\/","title":{"rendered":"Particulares y derechos en el derecho"},"content":{"rendered":"<h2>Tesis doctoral de <strong> Roberto Enrique Rodriguez Melendez <\/strong><\/h2>\n<p>Se analiza el problema que surge en el \u00e1mbito de la validez personal de los derechos, de los titulares de los mismos y de la validez material. se lleva a cabo un an\u00e1lisis hist\u00f3rico de la cuesti\u00f3n y se constata c\u00f3mo es la evoluci\u00f3n hist\u00f3rica de las esferas p\u00fablicas y privada, lo que repercute directamente en la concepci\u00f3n de los derechos fundamentales.  se trata el derecho de la personalidad y la colisi\u00f3n, equilibrio y l\u00edmites de los derechos fundamentales en la constituci\u00f3n. Se hace un breve repaso a la situaci\u00f3n en eeuu y alemania y finalmente se adentra en la eficacia de los derechos fundamentales entre particulares en el derecho internacional.<\/p>\n<p>&nbsp;<\/p>\n<h3>Datos acad\u00e9micos de la tesis doctoral \u00ab<strong>Particulares y derechos en el derecho<\/strong>\u00ab<\/h3>\n<ul>\n<li><strong>T\u00edtulo de la tesis:<\/strong>\u00a0 Particulares y derechos en el derecho <\/li>\n<li><strong>Autor:<\/strong>\u00a0 Roberto Enrique Rodriguez Melendez <\/li>\n<li><strong>Universidad:<\/strong>\u00a0 Carlos III de Madrid<\/li>\n<li><strong>Fecha de lectura de la tesis:<\/strong>\u00a0 27\/01\/1999<\/li>\n<\/ul>\n<p>&nbsp;<\/p>\n<h3>Direcci\u00f3n y tribunal<\/h3>\n<ul>\n<li><strong>Director de la tesis<\/strong>\n<ul>\n<li>Rafael De Asis Roig<\/li>\n<\/ul>\n<\/li>\n<li><strong>Tribunal<\/strong>\n<ul>\n<li>Presidente del tribunal: fernando Mari\u00f1o menendez <\/li>\n<li>Antonio Jim\u00e9nez blanco carrillo de albornoz (vocal)<\/li>\n<li>tom\u00e1s De la quadra-salcedo fern\u00e1ndez del castillo (vocal)<\/li>\n<li> Bilbao ubillos Juan  Mar\u00eda (vocal)<\/li>\n<\/ul>\n<\/li>\n<\/ul>\n<p>&nbsp;<\/p>\n","protected":false},"excerpt":{"rendered":"<p>Tesis doctoral de Roberto Enrique Rodriguez Melendez Se analiza el problema que surge en el \u00e1mbito de la validez personal [&hellip;]<\/p>\n","protected":false},"author":1,"featured_media":0,"comment_status":"open","ping_status":"open","sticky":false,"template":"","format":"standard","meta":{"site-sidebar-layout":"default","site-content-layout":"","ast-site-content-layout":"","site-content-style":"default","site-sidebar-style":"default","ast-global-header-display":"","ast-banner-title-visibility":"","ast-main-header-display":"","ast-hfb-above-header-display":"","ast-hfb-below-header-display":"","ast-hfb-mobile-header-display":"","site-post-title":"","ast-breadcrumbs-content":"","ast-featured-img":"","footer-sml-layout":"","theme-transparent-header-meta":"","adv-header-id-meta":"","stick-header-meta":"","header-above-stick-meta":"","header-main-stick-meta":"","header-below-stick-meta":"","astra-migrate-meta-layouts":"default","ast-page-background-enabled":"default","ast-page-background-meta":{"desktop":{"background-color":"var(--ast-global-color-4)","background-image":"","background-repeat":"repeat","background-position":"center center","background-size":"auto","background-attachment":"scroll","background-type":"","background-media":"","overlay-type":"","overlay-color":"","overlay-gradient":""},"tablet":{"background-color":"","background-image":"","background-repeat":"repeat","background-position":"center center","background-size":"auto","background-attachment":"scroll","background-type":"","background-media":"","overlay-type":"","overlay-color":"","overlay-gradient":""},"mobile":{"background-color":"","background-image":"","background-repeat":"repeat","background-position":"center center","background-size":"auto","background-attachment":"scroll","background-type":"","background-media":"","overlay-type":"","overlay-color":"","overlay-gradient":""}},"ast-content-background-meta":{"desktop":{"background-color":"var(--ast-global-color-5)","background-image":"","background-repeat":"repeat","background-position":"center center","background-size":"auto","background-attachment":"scroll","background-type":"","background-media":"","overlay-type":"","overlay-color":"","overlay-gradient":""},"tablet":{"background-color":"var(--ast-global-color-5)","background-image":"","background-repeat":"repeat","background-position":"center center","background-size":"auto","background-attachment":"scroll","background-type":"","background-media":"","overlay-type":"","overlay-color":"","overlay-gradient":""},"mobile":{"background-color":"var(--ast-global-color-5)","background-image":"","background-repeat":"repeat","background-position":"center center","background-size":"auto","background-attachment":"scroll","background-type":"","background-media":"","overlay-type":"","overlay-color":"","overlay-gradient":""}},"footnotes":""},"categories":[18550,612,11777,3193],"tags":[18553,107064,9015,44233,107063,37574],"class_list":["post-42671","post","type-post","status-publish","format-standard","hentry","category-carlos-iii-de-madrid","category-ciencias-juridicas-y-derecho","category-filosofia-del-derecho","category-teoria-y-metodos-generales-del-derecho","tag-antonio-jimenez-blanco-carrillo-de-albornoz","tag-bilbao-ubillos-juan-maria","tag-fernando-marino-menendez","tag-rafael-de-asis-roig","tag-roberto-enrique-rodriguez-melendez","tag-tomas-de-la-quadra-salcedo-fernandez-del-castillo"],"_links":{"self":[{"href":"https:\/\/www.deberes.net\/tesis\/wp-json\/wp\/v2\/posts\/42671","targetHints":{"allow":["GET"]}}],"collection":[{"href":"https:\/\/www.deberes.net\/tesis\/wp-json\/wp\/v2\/posts"}],"about":[{"href":"https:\/\/www.deberes.net\/tesis\/wp-json\/wp\/v2\/types\/post"}],"author":[{"embeddable":true,"href":"https:\/\/www.deberes.net\/tesis\/wp-json\/wp\/v2\/users\/1"}],"replies":[{"embeddable":true,"href":"https:\/\/www.deberes.net\/tesis\/wp-json\/wp\/v2\/comments?post=42671"}],"version-history":[{"count":0,"href":"https:\/\/www.deberes.net\/tesis\/wp-json\/wp\/v2\/posts\/42671\/revisions"}],"wp:attachment":[{"href":"https:\/\/www.deberes.net\/tesis\/wp-json\/wp\/v2\/media?parent=42671"}],"wp:term":[{"taxonomy":"category","embeddable":true,"href":"https:\/\/www.deberes.net\/tesis\/wp-json\/wp\/v2\/categories?post=42671"},{"taxonomy":"post_tag","embeddable":true,"href":"https:\/\/www.deberes.net\/tesis\/wp-json\/wp\/v2\/tags?post=42671"}],"curies":[{"name":"wp","href":"https:\/\/api.w.org\/{rel}","templated":true}]}}