{"id":42697,"date":"1999-05-02T00:00:00","date_gmt":"1999-05-02T00:00:00","guid":{"rendered":"https:\/\/www.deberes.net\/tesis\/sin-categoria\/el-epistolario-inedito-de-vicente-aleixandre-a-la-generacion-del-27\/"},"modified":"1999-05-02T00:00:00","modified_gmt":"1999-05-02T00:00:00","slug":"el-epistolario-inedito-de-vicente-aleixandre-a-la-generacion-del-27","status":"publish","type":"post","link":"https:\/\/www.deberes.net\/tesis\/ciencias-de-las-artes-y-las-letras\/el-epistolario-inedito-de-vicente-aleixandre-a-la-generacion-del-27\/","title":{"rendered":"El epistolario inedito de vicente aleixandre a la generacion del 27."},"content":{"rendered":"<h2>Tesis doctoral de <strong> Irma Emiliozzi <\/strong><\/h2>\n<p>La primera parte de esta tesis doctoral aborda la problem\u00e1tica de las memorias dispersas de vicente aleixandre, escritas a lo largo de toda su vida en miles de casta publicas y privada. Las cartas privdas escritas por aleixandre a sus amigos de la gneraci\u00f3n del 27 se suman a la extensa literatura de homenajes que el poeta les dedic\u00f3. As\u00ed, con las cartas se completan los retratos de los poetas amigos y se perfila con claridad el autorretrato de vicente aleixandre.  la segunda parte de la tesis doctoral es de transcripci\u00f3n y anotaci\u00f3n de 209 (doscientas nueves) cartas escritas por el poeta de velintoni a gerardo diego, jorge guill\u00e9n, federico garc\u00eda lorca,  d\u00e1maso alonso, manuel altolaguirre y familia, emilio prados, pedro salinas y los poetas catalanes carles riba y clementina arder\u00edu. El orden de presentaci\u00f3n del epistolario es cronol\u00f3gico.  la tesis doctoral se completa con una presentaci\u00f3n, una introducci\u00f3n, ap\u00e9ndices y bibliofraf\u00eda. En la presentacion se antan los antecedentes de la jdoctoranda en relaci\u00f3n al tema de la tesis; en la introducci\u00f3n se aborda el estado de la cuesti\u00f3n del g\u00e9nero epistolar y la publicaci\u00f3n en espa\u00f1a de los epistolarios del 27. Los ap\u00e9ndices son dos: el indice cronol\u00f3gico de cartas y la bibliofraf\u00eda., Que se subdivide en: 1. Libros. Art\u00edculos en libros; y 2. Indice de revistas y peri\u00f3dicos citados en la tesis. Colaboraciones de la generaci\u00f3n del 27.<\/p>\n<p>&nbsp;<\/p>\n<h3>Datos acad\u00e9micos de la tesis doctoral \u00ab<strong>El epistolario inedito de vicente aleixandre a la generacion del 27.<\/strong>\u00ab<\/h3>\n<ul>\n<li><strong>T\u00edtulo de la tesis:<\/strong>\u00a0 El epistolario inedito de vicente aleixandre a la generacion del 27. <\/li>\n<li><strong>Autor:<\/strong>\u00a0 Irma Emiliozzi <\/li>\n<li><strong>Universidad:<\/strong>\u00a0 Illes balears<\/li>\n<li><strong>Fecha de lectura de la tesis:<\/strong>\u00a0 05\/02\/1999<\/li>\n<\/ul>\n<p>&nbsp;<\/p>\n<h3>Direcci\u00f3n y tribunal<\/h3>\n<ul>\n<li><strong>Director de la tesis<\/strong>\n<ul>\n<li>Francisco Jose Diaz De Castro<\/li>\n<\/ul>\n<\/li>\n<li><strong>Tribunal<\/strong>\n<ul>\n<li>Presidente del tribunal: Francisco javier Diez de revenga torres <\/li>\n<li>Antonio Jimenez millan (vocal)<\/li>\n<li>Luis Garc\u00eda montero (vocal)<\/li>\n<li>pere Rovira planas (vocal)<\/li>\n<\/ul>\n<\/li>\n<\/ul>\n<p>&nbsp;<\/p>\n","protected":false},"excerpt":{"rendered":"<p>Tesis doctoral de Irma Emiliozzi La primera parte de esta tesis doctoral aborda la problem\u00e1tica de las memorias dispersas de [&hellip;]<\/p>\n","protected":false},"author":1,"featured_media":0,"comment_status":"open","ping_status":"open","sticky":false,"template":"","format":"standard","meta":{"site-sidebar-layout":"default","site-content-layout":"","ast-site-content-layout":"","site-content-style":"default","site-sidebar-style":"default","ast-global-header-display":"","ast-banner-title-visibility":"","ast-main-header-display":"","ast-hfb-above-header-display":"","ast-hfb-below-header-display":"","ast-hfb-mobile-header-display":"","site-post-title":"","ast-breadcrumbs-content":"","ast-featured-img":"","footer-sml-layout":"","theme-transparent-header-meta":"","adv-header-id-meta":"","stick-header-meta":"","header-above-stick-meta":"","header-main-stick-meta":"","header-below-stick-meta":"","astra-migrate-meta-layouts":"default","ast-page-background-enabled":"default","ast-page-background-meta":{"desktop":{"background-color":"var(--ast-global-color-4)","background-image":"","background-repeat":"repeat","background-position":"center center","background-size":"auto","background-attachment":"scroll","background-type":"","background-media":"","overlay-type":"","overlay-color":"","overlay-gradient":""},"tablet":{"background-color":"","background-image":"","background-repeat":"repeat","background-position":"center center","background-size":"auto","background-attachment":"scroll","background-type":"","background-media":"","overlay-type":"","overlay-color":"","overlay-gradient":""},"mobile":{"background-color":"","background-image":"","background-repeat":"repeat","background-position":"center center","background-size":"auto","background-attachment":"scroll","background-type":"","background-media":"","overlay-type":"","overlay-color":"","overlay-gradient":""}},"ast-content-background-meta":{"desktop":{"background-color":"var(--ast-global-color-5)","background-image":"","background-repeat":"repeat","background-position":"center center","background-size":"auto","background-attachment":"scroll","background-type":"","background-media":"","overlay-type":"","overlay-color":"","overlay-gradient":""},"tablet":{"background-color":"var(--ast-global-color-5)","background-image":"","background-repeat":"repeat","background-position":"center center","background-size":"auto","background-attachment":"scroll","background-type":"","background-media":"","overlay-type":"","overlay-color":"","overlay-gradient":""},"mobile":{"background-color":"var(--ast-global-color-5)","background-image":"","background-repeat":"repeat","background-position":"center center","background-size":"auto","background-attachment":"scroll","background-type":"","background-media":"","overlay-type":"","overlay-color":"","overlay-gradient":""}},"footnotes":""},"categories":[147,149,19034,628],"tags":[18880,8638,12630,107106,3575,18879],"class_list":["post-42697","post","type-post","status-publish","format-standard","hentry","category-ciencias-de-las-artes-y-las-letras","category-critica-de-textos","category-illes-balears","category-teoria-analisis-y-critica-literarios","tag-antonio-jimenez-millan","tag-francisco-javier-diez-de-revenga-torres","tag-francisco-jose-diaz-de-castro","tag-irma-emiliozzi","tag-luis-garcia-montero","tag-pere-rovira-planas"],"_links":{"self":[{"href":"https:\/\/www.deberes.net\/tesis\/wp-json\/wp\/v2\/posts\/42697","targetHints":{"allow":["GET"]}}],"collection":[{"href":"https:\/\/www.deberes.net\/tesis\/wp-json\/wp\/v2\/posts"}],"about":[{"href":"https:\/\/www.deberes.net\/tesis\/wp-json\/wp\/v2\/types\/post"}],"author":[{"embeddable":true,"href":"https:\/\/www.deberes.net\/tesis\/wp-json\/wp\/v2\/users\/1"}],"replies":[{"embeddable":true,"href":"https:\/\/www.deberes.net\/tesis\/wp-json\/wp\/v2\/comments?post=42697"}],"version-history":[{"count":0,"href":"https:\/\/www.deberes.net\/tesis\/wp-json\/wp\/v2\/posts\/42697\/revisions"}],"wp:attachment":[{"href":"https:\/\/www.deberes.net\/tesis\/wp-json\/wp\/v2\/media?parent=42697"}],"wp:term":[{"taxonomy":"category","embeddable":true,"href":"https:\/\/www.deberes.net\/tesis\/wp-json\/wp\/v2\/categories?post=42697"},{"taxonomy":"post_tag","embeddable":true,"href":"https:\/\/www.deberes.net\/tesis\/wp-json\/wp\/v2\/tags?post=42697"}],"curies":[{"name":"wp","href":"https:\/\/api.w.org\/{rel}","templated":true}]}}