{"id":42707,"date":"1999-10-02T00:00:00","date_gmt":"1999-10-02T00:00:00","guid":{"rendered":"https:\/\/www.deberes.net\/tesis\/sin-categoria\/integracio-economica-i-localitzacio-industrial-en-una-economa%c2%ada-global\/"},"modified":"1999-10-02T00:00:00","modified_gmt":"1999-10-02T00:00:00","slug":"integracio-economica-i-localitzacio-industrial-en-una-economa%c2%ada-global","status":"publish","type":"post","link":"https:\/\/www.deberes.net\/tesis\/ciencias-economicas\/integracio-economica-i-localitzacio-industrial-en-una-economa%c2%ada-global\/","title":{"rendered":"Integraci\u00f3 econ\u00f3mica i localitzaci\u00f3 industrial en una econom\u00edaglobal"},"content":{"rendered":"<h2>Tesis doctoral de <strong> Elisenda Paluzie Hern\u00e1ndez <\/strong><\/h2>\n<p>La tesis desarrolla un modelo te\u00f3rico que pretende explicar los efectos de una mayor integraci\u00f3n econ\u00f3mica sobre la evoluci\u00f3n de las disparidades regionales dentro de un estado. Dos son las ideas b\u00e1sicas que suponen el punto de partida del modelo. En primer lugar se presenta como ejemplo de patr\u00f3n de desigualdades regionales al proceso de industrializaci\u00f3n espa\u00f1ol del siglo xix. Algunos historiadores consideran que las pol\u00edticas proteccionistas fueron las causantes del establecimiento de este patr\u00f3n de geograf\u00eda desigual. sin embargo, si esto fuera as\u00ed, la apertura al exterior de espa\u00f1a, especialmente desde los a\u00f1os ochenta, deber\u00eda haber llevado a al descentralizaci\u00f3n de la actividad econ\u00f3mica y tal proceso no parece haber tenido lugar. As\u00ed, en segundo lugar, se presenta la evidencia emp\u00edrica de distintas investigaciones que analizan las disparidades existentes en la ue y especialmente para el caso de la econom\u00eda espa\u00f1ola tras su incorporaci\u00f3n al mercado \u00fanico. se observa que las disparidades interregionales han aumentado en los a\u00f1os ochenta, justo cuando se consiguen elevados grados de liberalizaci\u00f3n. El modelo te\u00f3rico, que se inscribe dentro de la corriente te\u00f3rica denominada nueva geograf\u00eda econ\u00f3mica, muestra que la integraci\u00f3n con el exteriro aumenta las disparidades regionales internas, lo cu\u00e1l es consistente con la evidencia emp\u00edrica. Previamente se revisan las aportaciones te\u00f3ricas de la literatura sobre localizaci\u00f3n, econom\u00eda regional y nueva geograf\u00eda econ\u00f3mica.<\/p>\n<p>&nbsp;<\/p>\n<h3>Datos acad\u00e9micos de la tesis doctoral \u00ab<strong>Integraci\u00f3 econ\u00f3mica i localitzaci\u00f3 industrial en una econom\u00edaglobal<\/strong>\u00ab<\/h3>\n<ul>\n<li><strong>T\u00edtulo de la tesis:<\/strong>\u00a0 Integraci\u00f3 econ\u00f3mica i localitzaci\u00f3 industrial en una econom\u00edaglobal <\/li>\n<li><strong>Autor:<\/strong>\u00a0 Elisenda Paluzie Hern\u00e1ndez <\/li>\n<li><strong>Universidad:<\/strong>\u00a0 Barcelona<\/li>\n<li><strong>Fecha de lectura de la tesis:<\/strong>\u00a0 10\/02\/1999<\/li>\n<\/ul>\n<p>&nbsp;<\/p>\n<h3>Direcci\u00f3n y tribunal<\/h3>\n<ul>\n<li><strong>Director de la tesis<\/strong>\n<ul>\n<li>Joan Hortala Arau<\/li>\n<\/ul>\n<\/li>\n<li><strong>Tribunal<\/strong>\n<ul>\n<li>Presidente del tribunal: manuel Artis ortu\u00f1o <\/li>\n<li>eduardo Berenguer comas (vocal)<\/li>\n<li>joan Tugores ques (vocal)<\/li>\n<li>jordi Gual sol\u00e9 (vocal)<\/li>\n<\/ul>\n<\/li>\n<\/ul>\n<p>&nbsp;<\/p>\n","protected":false},"excerpt":{"rendered":"<p>Tesis doctoral de Elisenda Paluzie Hern\u00e1ndez La tesis desarrolla un modelo te\u00f3rico que pretende explicar los efectos de una mayor [&hellip;]<\/p>\n","protected":false},"author":1,"featured_media":0,"comment_status":"open","ping_status":"open","sticky":false,"template":"","format":"standard","meta":{"site-sidebar-layout":"default","site-content-layout":"","ast-site-content-layout":"","site-content-style":"default","site-sidebar-style":"default","ast-global-header-display":"","ast-banner-title-visibility":"","ast-main-header-display":"","ast-hfb-above-header-display":"","ast-hfb-below-header-display":"","ast-hfb-mobile-header-display":"","site-post-title":"","ast-breadcrumbs-content":"","ast-featured-img":"","footer-sml-layout":"","theme-transparent-header-meta":"","adv-header-id-meta":"","stick-header-meta":"","header-above-stick-meta":"","header-main-stick-meta":"","header-below-stick-meta":"","astra-migrate-meta-layouts":"default","ast-page-background-enabled":"default","ast-page-background-meta":{"desktop":{"background-color":"var(--ast-global-color-4)","background-image":"","background-repeat":"repeat","background-position":"center center","background-size":"auto","background-attachment":"scroll","background-type":"","background-media":"","overlay-type":"","overlay-color":"","overlay-gradient":""},"tablet":{"background-color":"","background-image":"","background-repeat":"repeat","background-position":"center center","background-size":"auto","background-attachment":"scroll","background-type":"","background-media":"","overlay-type":"","overlay-color":"","overlay-gradient":""},"mobile":{"background-color":"","background-image":"","background-repeat":"repeat","background-position":"center center","background-size":"auto","background-attachment":"scroll","background-type":"","background-media":"","overlay-type":"","overlay-color":"","overlay-gradient":""}},"ast-content-background-meta":{"desktop":{"background-color":"var(--ast-global-color-5)","background-image":"","background-repeat":"repeat","background-position":"center center","background-size":"auto","background-attachment":"scroll","background-type":"","background-media":"","overlay-type":"","overlay-color":"","overlay-gradient":""},"tablet":{"background-color":"var(--ast-global-color-5)","background-image":"","background-repeat":"repeat","background-position":"center center","background-size":"auto","background-attachment":"scroll","background-type":"","background-media":"","overlay-type":"","overlay-color":"","overlay-gradient":""},"mobile":{"background-color":"var(--ast-global-color-5)","background-image":"","background-repeat":"repeat","background-position":"center center","background-size":"auto","background-attachment":"scroll","background-type":"","background-media":"","overlay-type":"","overlay-color":"","overlay-gradient":""}},"footnotes":""},"categories":[951,82,13381,2825,6830,737],"tags":[20253,107119,89,10285,85161,33539],"class_list":["post-42707","post","type-post","status-publish","format-standard","hentry","category-barcelona","category-ciencias-economicas","category-integracion-economica","category-organizacion-industrial-y-sector-publico","category-teoria-del-comercio-internacional","category-teoria-economica","tag-eduardo-berenguer-comas","tag-elisenda-paluzie-hernandez","tag-joan-hortala-arau","tag-joan-tugores-ques","tag-jordi-gual-sole","tag-manuel-artis-ortuno"],"_links":{"self":[{"href":"https:\/\/www.deberes.net\/tesis\/wp-json\/wp\/v2\/posts\/42707","targetHints":{"allow":["GET"]}}],"collection":[{"href":"https:\/\/www.deberes.net\/tesis\/wp-json\/wp\/v2\/posts"}],"about":[{"href":"https:\/\/www.deberes.net\/tesis\/wp-json\/wp\/v2\/types\/post"}],"author":[{"embeddable":true,"href":"https:\/\/www.deberes.net\/tesis\/wp-json\/wp\/v2\/users\/1"}],"replies":[{"embeddable":true,"href":"https:\/\/www.deberes.net\/tesis\/wp-json\/wp\/v2\/comments?post=42707"}],"version-history":[{"count":0,"href":"https:\/\/www.deberes.net\/tesis\/wp-json\/wp\/v2\/posts\/42707\/revisions"}],"wp:attachment":[{"href":"https:\/\/www.deberes.net\/tesis\/wp-json\/wp\/v2\/media?parent=42707"}],"wp:term":[{"taxonomy":"category","embeddable":true,"href":"https:\/\/www.deberes.net\/tesis\/wp-json\/wp\/v2\/categories?post=42707"},{"taxonomy":"post_tag","embeddable":true,"href":"https:\/\/www.deberes.net\/tesis\/wp-json\/wp\/v2\/tags?post=42707"}],"curies":[{"name":"wp","href":"https:\/\/api.w.org\/{rel}","templated":true}]}}