{"id":42755,"date":"1999-04-03T00:00:00","date_gmt":"1999-04-03T00:00:00","guid":{"rendered":"https:\/\/www.deberes.net\/tesis\/sin-categoria\/alonso-de-cartagena-pola%c2%adtica-y-cultura-en-la-castilla-del-siglo-xv\/"},"modified":"1999-04-03T00:00:00","modified_gmt":"1999-04-03T00:00:00","slug":"alonso-de-cartagena-pola%c2%adtica-y-cultura-en-la-castilla-del-siglo-xv","status":"publish","type":"post","link":"https:\/\/www.deberes.net\/tesis\/sin-categoria\/alonso-de-cartagena-pola%c2%adtica-y-cultura-en-la-castilla-del-siglo-xv\/","title":{"rendered":"Alonso de cartagena. pol\u00edtica y cultura en la castilla del siglo xv."},"content":{"rendered":"<h2>Tesis doctoral de <strong> Luis Fernandez  Gallardo <\/strong><\/h2>\n<p>Alonso de cartagena (1384-1456)  fue una de las personalidades mas relevantes en castilla durante el reinado de juan ii. Su estudio exige la consideraci\u00f3n de tres facetas: el eclesi\u00e1stico, el pol\u00edtico y el intelectual e ideol\u00f3gico. Nacido en el seno de un destacado linaje de conversos, su trayectoria constituye un acabado ejemplo de promoci\u00f3n social al amparo de la solidaridad familiar (don pablo, el patriarca, ten\u00eda s\u00f3lidos v\u00ednculos en los c\u00edrculos cortesanos) y de una formaci\u00f3n universitaria como legista. En su carrera eclesi\u00e1stica cabe destacar: el desempe\u00f1o de la colector\u00eda, en que defendi\u00f3 tenazmente los intereses del fisco pontificio frente a la corona castellana; la embajada de basilea, donde desempe\u00f1\u00f3 una intensa actividad tanto en las tareas conciliares como en la diplomacia; la promoci\u00f3n a la mitra burgalesa ( en su pontificado cabe destacar la convocatoria del s\u00ednodo de 1443, que revela sus preocupaciones pastorales). Como pol\u00edtico, inici\u00f3 su carrera en el entorno del infante don juan de arag\u00f3n; accedi\u00f3 as\u00ed a la audiencia y al consejo real. Como intelectual, divulg\u00f3 las novedades renacentistas, renovando el \u00abethos\u00bb caballeresco, y enriqueci\u00f3 el discurso pol\u00edtico.<\/p>\n<p>&nbsp;<\/p>\n<h3>Datos acad\u00e9micos de la tesis doctoral \u00ab<strong>Alonso de cartagena. pol\u00edtica y cultura en la castilla del siglo xv.<\/strong>\u00ab<\/h3>\n<ul>\n<li><strong>T\u00edtulo de la tesis:<\/strong>\u00a0 Alonso de cartagena. pol\u00edtica y cultura en la castilla del siglo xv. <\/li>\n<li><strong>Autor:<\/strong>\u00a0 Luis Fernandez  Gallardo <\/li>\n<li><strong>Universidad:<\/strong>\u00a0 Complutense de Madrid<\/li>\n<li><strong>Fecha de lectura de la tesis:<\/strong>\u00a0 04\/03\/1999<\/li>\n<\/ul>\n<p>&nbsp;<\/p>\n<h3>Direcci\u00f3n y tribunal<\/h3>\n<ul>\n<li><strong>Director de la tesis<\/strong>\n<ul>\n<li>Jos\u00e9 Manuel Nieto Soria<\/li>\n<\/ul>\n<\/li>\n<li><strong>Tribunal<\/strong>\n<ul>\n<li>Presidente del tribunal: Miguel \u00e1ngel Ladero quesada <\/li>\n<li>raso Quintanilla (vocal)<\/li>\n<li>eloy Benito ruano (vocal)<\/li>\n<li>vicente Alvarez palenzuela (vocal)<\/li>\n<\/ul>\n<\/li>\n<\/ul>\n<p>&nbsp;<\/p>\n","protected":false},"excerpt":{"rendered":"<p>Tesis doctoral de Luis Fernandez Gallardo Alonso de cartagena (1384-1456) fue una de las personalidades mas relevantes en castilla durante [&hellip;]<\/p>\n","protected":false},"author":1,"featured_media":0,"comment_status":"open","ping_status":"open","sticky":false,"template":"","format":"standard","meta":{"site-sidebar-layout":"default","site-content-layout":"","ast-site-content-layout":"","site-content-style":"default","site-sidebar-style":"default","ast-global-header-display":"","ast-banner-title-visibility":"","ast-main-header-display":"","ast-hfb-above-header-display":"","ast-hfb-below-header-display":"","ast-hfb-mobile-header-display":"","site-post-title":"","ast-breadcrumbs-content":"","ast-featured-img":"","footer-sml-layout":"","theme-transparent-header-meta":"","adv-header-id-meta":"","stick-header-meta":"","header-above-stick-meta":"","header-main-stick-meta":"","header-below-stick-meta":"","astra-migrate-meta-layouts":"default","ast-page-background-enabled":"default","ast-page-background-meta":{"desktop":{"background-color":"var(--ast-global-color-4)","background-image":"","background-repeat":"repeat","background-position":"center center","background-size":"auto","background-attachment":"scroll","background-type":"","background-media":"","overlay-type":"","overlay-color":"","overlay-gradient":""},"tablet":{"background-color":"","background-image":"","background-repeat":"repeat","background-position":"center center","background-size":"auto","background-attachment":"scroll","background-type":"","background-media":"","overlay-type":"","overlay-color":"","overlay-gradient":""},"mobile":{"background-color":"","background-image":"","background-repeat":"repeat","background-position":"center center","background-size":"auto","background-attachment":"scroll","background-type":"","background-media":"","overlay-type":"","overlay-color":"","overlay-gradient":""}},"ast-content-background-meta":{"desktop":{"background-color":"var(--ast-global-color-5)","background-image":"","background-repeat":"repeat","background-position":"center center","background-size":"auto","background-attachment":"scroll","background-type":"","background-media":"","overlay-type":"","overlay-color":"","overlay-gradient":""},"tablet":{"background-color":"var(--ast-global-color-5)","background-image":"","background-repeat":"repeat","background-position":"center center","background-size":"auto","background-attachment":"scroll","background-type":"","background-media":"","overlay-type":"","overlay-color":"","overlay-gradient":""},"mobile":{"background-color":"var(--ast-global-color-5)","background-image":"","background-repeat":"repeat","background-position":"center center","background-size":"auto","background-attachment":"scroll","background-type":"","background-media":"","overlay-type":"","overlay-color":"","overlay-gradient":""}},"footnotes":""},"categories":[1],"tags":[644,5297,107215,5296,107216,58049],"class_list":["post-42755","post","type-post","status-publish","format-standard","hentry","category-sin-categoria","tag-eloy-benito-ruano","tag-jose-manuel-nieto-soria","tag-luis-fernandez-gallardo","tag-miguel-angel-ladero-quesada","tag-raso-quintanilla","tag-vicente-alvarez-palenzuela"],"_links":{"self":[{"href":"https:\/\/www.deberes.net\/tesis\/wp-json\/wp\/v2\/posts\/42755","targetHints":{"allow":["GET"]}}],"collection":[{"href":"https:\/\/www.deberes.net\/tesis\/wp-json\/wp\/v2\/posts"}],"about":[{"href":"https:\/\/www.deberes.net\/tesis\/wp-json\/wp\/v2\/types\/post"}],"author":[{"embeddable":true,"href":"https:\/\/www.deberes.net\/tesis\/wp-json\/wp\/v2\/users\/1"}],"replies":[{"embeddable":true,"href":"https:\/\/www.deberes.net\/tesis\/wp-json\/wp\/v2\/comments?post=42755"}],"version-history":[{"count":0,"href":"https:\/\/www.deberes.net\/tesis\/wp-json\/wp\/v2\/posts\/42755\/revisions"}],"wp:attachment":[{"href":"https:\/\/www.deberes.net\/tesis\/wp-json\/wp\/v2\/media?parent=42755"}],"wp:term":[{"taxonomy":"category","embeddable":true,"href":"https:\/\/www.deberes.net\/tesis\/wp-json\/wp\/v2\/categories?post=42755"},{"taxonomy":"post_tag","embeddable":true,"href":"https:\/\/www.deberes.net\/tesis\/wp-json\/wp\/v2\/tags?post=42755"}],"curies":[{"name":"wp","href":"https:\/\/api.w.org\/{rel}","templated":true}]}}