{"id":42758,"date":"1999-05-03T00:00:00","date_gmt":"1999-05-03T00:00:00","guid":{"rendered":"https:\/\/www.deberes.net\/tesis\/sin-categoria\/el-compromiso-social-en-el-arte-valenciano-contemporaneo-el-grupo-bulto\/"},"modified":"1999-05-03T00:00:00","modified_gmt":"1999-05-03T00:00:00","slug":"el-compromiso-social-en-el-arte-valenciano-contemporaneo-el-grupo-bulto","status":"publish","type":"post","link":"https:\/\/www.deberes.net\/tesis\/historia\/el-compromiso-social-en-el-arte-valenciano-contemporaneo-el-grupo-bulto\/","title":{"rendered":"El compromiso social en el arte Valenciano contemporaneo-el grupo bulto"},"content":{"rendered":"<h2>Tesis doctoral de <strong>  Garcia Raffi Antonio  Carlos <\/strong><\/h2>\n<p>Nuestra tesis tiene por objeto datar la actividad de dos grupos art\u00edsticos de vanguardia del arte contemporaneo Valenciano, ara y bulto,con especial insistencia en este ultimo. El grupo bulto aparece referenciado en varias historias del arte Valenciano pero en ninguna se detallan ni se recopilan sus actividades. En cambio bulto fue una referencia obligada en un momento decisivo de transformaci\u00f3n cultural y politica. Adem\u00e1s, los que fueron sus miembros han tenido una dilatada e importante trayectoria dentro del arte Valenciano actual. Este hueco deja incompleta la descripcion que del periodo se realiza y omite las aportaciones de uno de los grupos de producci\u00f3n teorica y actividad de vanguardia mas interesantes del momento. El paso del tiempo ponia en peligro la conservaci\u00f3n y organizaci\u00f3n de los documentos, actas, fotos y testimonios graficos, teoricos, manifiestos artisticos y critica de arte, memorias personales, recuerdos de los participantes y de los espectadores de sus acciones colectivas, happenings, murales, recitales po\u00e9ticos, actividades teatrales y musicales que iban lentamente erosion\u00e1ndose y extinguiendo, que han sido convenientemente recopilados, contextualizados y organizados dentro de su trayectoria. Las entrevistas detalladas con los que furon miembros de ambos ofrecen una visi\u00f3n personalizada de lo ocurrido y una reflexi\u00f3n profunda sobre el hecho art\u00edstico.<\/p>\n<p>&nbsp;<\/p>\n<h3>Datos acad\u00e9micos de la tesis doctoral \u00ab<strong>El compromiso social en el arte Valenciano contemporaneo-el grupo bulto<\/strong>\u00ab<\/h3>\n<ul>\n<li><strong>T\u00edtulo de la tesis:<\/strong>\u00a0 El compromiso social en el arte Valenciano contemporaneo-el grupo bulto <\/li>\n<li><strong>Autor:<\/strong>\u00a0  Garcia Raffi Antonio  Carlos <\/li>\n<li><strong>Universidad:<\/strong>\u00a0 Polit\u00e9cnica de Valencia<\/li>\n<li><strong>Fecha de lectura de la tesis:<\/strong>\u00a0 05\/03\/1999<\/li>\n<\/ul>\n<p>&nbsp;<\/p>\n<h3>Direcci\u00f3n y tribunal<\/h3>\n<ul>\n<li><strong>Director de la tesis<\/strong>\n<ul>\n<li> Rios Palomares Miguel Angel<\/li>\n<\/ul>\n<\/li>\n<li><strong>Tribunal<\/strong>\n<ul>\n<li>Presidente del tribunal: manuel Sanchez arcenegui <\/li>\n<li>Carlos Plasencia climent (vocal)<\/li>\n<li> Llorens montoro Juan  vicente (vocal)<\/li>\n<li> Blasco carrascosa Juan  angel (vocal)<\/li>\n<\/ul>\n<\/li>\n<\/ul>\n<p>&nbsp;<\/p>\n","protected":false},"excerpt":{"rendered":"<p>Tesis doctoral de Garcia Raffi Antonio Carlos Nuestra tesis tiene por objeto datar la actividad de dos grupos art\u00edsticos de [&hellip;]<\/p>\n","protected":false},"author":1,"featured_media":0,"comment_status":"open","ping_status":"open","sticky":false,"template":"","format":"standard","meta":{"site-sidebar-layout":"default","site-content-layout":"","ast-site-content-layout":"","site-content-style":"default","site-sidebar-style":"default","ast-global-header-display":"","ast-banner-title-visibility":"","ast-main-header-display":"","ast-hfb-above-header-display":"","ast-hfb-below-header-display":"","ast-hfb-mobile-header-display":"","site-post-title":"","ast-breadcrumbs-content":"","ast-featured-img":"","footer-sml-layout":"","theme-transparent-header-meta":"","adv-header-id-meta":"","stick-header-meta":"","header-above-stick-meta":"","header-main-stick-meta":"","header-below-stick-meta":"","astra-migrate-meta-layouts":"default","ast-page-background-enabled":"default","ast-page-background-meta":{"desktop":{"background-color":"var(--ast-global-color-4)","background-image":"","background-repeat":"repeat","background-position":"center center","background-size":"auto","background-attachment":"scroll","background-type":"","background-media":"","overlay-type":"","overlay-color":"","overlay-gradient":""},"tablet":{"background-color":"","background-image":"","background-repeat":"repeat","background-position":"center center","background-size":"auto","background-attachment":"scroll","background-type":"","background-media":"","overlay-type":"","overlay-color":"","overlay-gradient":""},"mobile":{"background-color":"","background-image":"","background-repeat":"repeat","background-position":"center center","background-size":"auto","background-attachment":"scroll","background-type":"","background-media":"","overlay-type":"","overlay-color":"","overlay-gradient":""}},"ast-content-background-meta":{"desktop":{"background-color":"var(--ast-global-color-5)","background-image":"","background-repeat":"repeat","background-position":"center center","background-size":"auto","background-attachment":"scroll","background-type":"","background-media":"","overlay-type":"","overlay-color":"","overlay-gradient":""},"tablet":{"background-color":"var(--ast-global-color-5)","background-image":"","background-repeat":"repeat","background-position":"center center","background-size":"auto","background-attachment":"scroll","background-type":"","background-media":"","overlay-type":"","overlay-color":"","overlay-gradient":""},"mobile":{"background-color":"var(--ast-global-color-5)","background-image":"","background-repeat":"repeat","background-position":"center center","background-size":"auto","background-attachment":"scroll","background-type":"","background-media":"","overlay-type":"","overlay-color":"","overlay-gradient":""}},"footnotes":""},"categories":[147,4100,104,1014,2563,222,16820,1111],"tags":[12273,31219,107220,52127,21930,37967],"class_list":["post-42758","post","type-post","status-publish","format-standard","hentry","category-ciencias-de-las-artes-y-las-letras","category-dibujo-y-grabado","category-historia","category-historia-del-arte","category-historia-del-arte-de-los-siglos-xix-y-xx","category-historias-especializadas","category-politecnica-de-valencia","category-teoria-analisis-y-critica-de-las-bellas-artes","tag-blasco-carrascosa-juan-angel","tag-carlos-plasencia-climent","tag-garcia-raffi-antonio-carlos","tag-llorens-montoro-juan-vicente","tag-manuel-sanchez-arcenegui","tag-rios-palomares-miguel-angel"],"_links":{"self":[{"href":"https:\/\/www.deberes.net\/tesis\/wp-json\/wp\/v2\/posts\/42758","targetHints":{"allow":["GET"]}}],"collection":[{"href":"https:\/\/www.deberes.net\/tesis\/wp-json\/wp\/v2\/posts"}],"about":[{"href":"https:\/\/www.deberes.net\/tesis\/wp-json\/wp\/v2\/types\/post"}],"author":[{"embeddable":true,"href":"https:\/\/www.deberes.net\/tesis\/wp-json\/wp\/v2\/users\/1"}],"replies":[{"embeddable":true,"href":"https:\/\/www.deberes.net\/tesis\/wp-json\/wp\/v2\/comments?post=42758"}],"version-history":[{"count":0,"href":"https:\/\/www.deberes.net\/tesis\/wp-json\/wp\/v2\/posts\/42758\/revisions"}],"wp:attachment":[{"href":"https:\/\/www.deberes.net\/tesis\/wp-json\/wp\/v2\/media?parent=42758"}],"wp:term":[{"taxonomy":"category","embeddable":true,"href":"https:\/\/www.deberes.net\/tesis\/wp-json\/wp\/v2\/categories?post=42758"},{"taxonomy":"post_tag","embeddable":true,"href":"https:\/\/www.deberes.net\/tesis\/wp-json\/wp\/v2\/tags?post=42758"}],"curies":[{"name":"wp","href":"https:\/\/api.w.org\/{rel}","templated":true}]}}