{"id":42785,"date":"2018-03-09T09:44:49","date_gmt":"2018-03-09T09:44:49","guid":{"rendered":"https:\/\/www.deberes.net\/tesis\/sin-categoria\/religion-y-pola%c2%adtica-religiosa-del-emperador-caracalla\/"},"modified":"2018-03-09T09:44:49","modified_gmt":"2018-03-09T09:44:49","slug":"religion-y-pola%c2%adtica-religiosa-del-emperador-caracalla","status":"publish","type":"post","link":"https:\/\/www.deberes.net\/tesis\/historia\/religion-y-pola%c2%adtica-religiosa-del-emperador-caracalla\/","title":{"rendered":"Religion y pol\u00edtica religiosa del emperador caracalla"},"content":{"rendered":"<h2>Tesis doctoral de <strong> Paloma Aguado Garcia <\/strong><\/h2>\n<p>El planteamiento de la tesis es un estudio de la pol\u00edtica religiosa a trav\u00e9s de las fuentes historiogr\u00e1ficas principales que abarcan el reinado de caracalla: la historia augusta, di\u00f3n casio y herodiano, analizando los datos de personalidad, car\u00e1cter, mentalidad y fundamentalmente de religi\u00f3n que se dan en ellas; las referencias religiosas s\u00f3lo citadas por una fuente, sus ausencias, etc&#8230; Estas informaciones se contrastan y complementan con datos tanto epigr\u00e1ficos como numism\u00e1ticos y arqueol\u00f3gicos, para ofrecer finalmente una visi\u00f3n general, una panor\u00e1mica de lo que fue el pensamiento filos\u00f3fico-religioso de este emperador, tan duramente criticado por la historiografia de su momento, y escasamente estudiado y analizado por la actual. A trav\u00e9s del presente trabajo se pretende cubrir este vac\u00edo y dar mayor relevancia a la figura del emperador caracalla, mediante el an\u00e1lisis de su pol\u00edtica religiosa, dentro del contexto de la dinast\u00eda severa y del auge y consolidaci\u00f3n de las religiones orientales en el imperio:isis, serapis, mitra y el sol invicto. De ellas hizo un pilar ideol\u00f3gico muy fuerte para justificar su actitud y consolidar su poder y autoriada en el trono de roma.<\/p>\n<p>&nbsp;<\/p>\n<h3>Datos acad\u00e9micos de la tesis doctoral \u00ab<strong>Religion y pol\u00edtica religiosa del emperador caracalla<\/strong>\u00ab<\/h3>\n<ul>\n<li><strong>T\u00edtulo de la tesis:<\/strong>\u00a0 Religion y pol\u00edtica religiosa del emperador caracalla <\/li>\n<li><strong>Autor:<\/strong>\u00a0 Paloma Aguado Garcia <\/li>\n<li><strong>Universidad:<\/strong>\u00a0 Complutense de Madrid<\/li>\n<li><strong>Fecha de lectura de la tesis:<\/strong>\u00a0 13\/03\/1999<\/li>\n<\/ul>\n<p>&nbsp;<\/p>\n<h3>Direcci\u00f3n y tribunal<\/h3>\n<ul>\n<li><strong>Director de la tesis<\/strong>\n<ul>\n<li>Santiago Montero Herrero<\/li>\n<\/ul>\n<\/li>\n<li><strong>Tribunal<\/strong>\n<ul>\n<li>Presidente del tribunal: julio Mangas manjares <\/li>\n<li>pilar Fernandez uriel (vocal)<\/li>\n<li>Jorge Mart\u00ednez-pinna nieto (vocal)<\/li>\n<li>rosa Cid lopez (vocal)<\/li>\n<\/ul>\n<\/li>\n<\/ul>\n<p>&nbsp;<\/p>\n","protected":false},"excerpt":{"rendered":"<p>Tesis doctoral de Paloma Aguado Garcia El planteamiento de la tesis es un estudio de la pol\u00edtica religiosa a trav\u00e9s [&hellip;]<\/p>\n","protected":false},"author":1,"featured_media":0,"comment_status":"open","ping_status":"open","sticky":false,"template":"","format":"standard","meta":{"site-sidebar-layout":"default","site-content-layout":"","ast-site-content-layout":"","site-content-style":"default","site-sidebar-style":"default","ast-global-header-display":"","ast-banner-title-visibility":"","ast-main-header-display":"","ast-hfb-above-header-display":"","ast-hfb-below-header-display":"","ast-hfb-mobile-header-display":"","site-post-title":"","ast-breadcrumbs-content":"","ast-featured-img":"","footer-sml-layout":"","theme-transparent-header-meta":"","adv-header-id-meta":"","stick-header-meta":"","header-above-stick-meta":"","header-main-stick-meta":"","header-below-stick-meta":"","astra-migrate-meta-layouts":"default","ast-page-background-enabled":"default","ast-page-background-meta":{"desktop":{"background-color":"var(--ast-global-color-4)","background-image":"","background-repeat":"repeat","background-position":"center center","background-size":"auto","background-attachment":"scroll","background-type":"","background-media":"","overlay-type":"","overlay-color":"","overlay-gradient":""},"tablet":{"background-color":"","background-image":"","background-repeat":"repeat","background-position":"center center","background-size":"auto","background-attachment":"scroll","background-type":"","background-media":"","overlay-type":"","overlay-color":"","overlay-gradient":""},"mobile":{"background-color":"","background-image":"","background-repeat":"repeat","background-position":"center center","background-size":"auto","background-attachment":"scroll","background-type":"","background-media":"","overlay-type":"","overlay-color":"","overlay-gradient":""}},"ast-content-background-meta":{"desktop":{"background-color":"var(--ast-global-color-5)","background-image":"","background-repeat":"repeat","background-position":"center center","background-size":"auto","background-attachment":"scroll","background-type":"","background-media":"","overlay-type":"","overlay-color":"","overlay-gradient":""},"tablet":{"background-color":"var(--ast-global-color-5)","background-image":"","background-repeat":"repeat","background-position":"center center","background-size":"auto","background-attachment":"scroll","background-type":"","background-media":"","overlay-type":"","overlay-color":"","overlay-gradient":""},"mobile":{"background-color":"var(--ast-global-color-5)","background-image":"","background-repeat":"repeat","background-position":"center center","background-size":"auto","background-attachment":"scroll","background-type":"","background-media":"","overlay-type":"","overlay-color":"","overlay-gradient":""}},"footnotes":""},"categories":[104,569,220],"tags":[24160,47413,107271,52130,60480,86835],"class_list":["post-42785","post","type-post","status-publish","format-standard","hentry","category-historia","category-historia-antigua","category-historia-por-epocas","tag-jorge-Martinez-pinna-nieto","tag-julio-mangas-manjares","tag-paloma-aguado-garcia","tag-pilar-fernandez-uriel","tag-rosa-cid-lopez","tag-santiago-montero-herrero"],"_links":{"self":[{"href":"https:\/\/www.deberes.net\/tesis\/wp-json\/wp\/v2\/posts\/42785","targetHints":{"allow":["GET"]}}],"collection":[{"href":"https:\/\/www.deberes.net\/tesis\/wp-json\/wp\/v2\/posts"}],"about":[{"href":"https:\/\/www.deberes.net\/tesis\/wp-json\/wp\/v2\/types\/post"}],"author":[{"embeddable":true,"href":"https:\/\/www.deberes.net\/tesis\/wp-json\/wp\/v2\/users\/1"}],"replies":[{"embeddable":true,"href":"https:\/\/www.deberes.net\/tesis\/wp-json\/wp\/v2\/comments?post=42785"}],"version-history":[{"count":0,"href":"https:\/\/www.deberes.net\/tesis\/wp-json\/wp\/v2\/posts\/42785\/revisions"}],"wp:attachment":[{"href":"https:\/\/www.deberes.net\/tesis\/wp-json\/wp\/v2\/media?parent=42785"}],"wp:term":[{"taxonomy":"category","embeddable":true,"href":"https:\/\/www.deberes.net\/tesis\/wp-json\/wp\/v2\/categories?post=42785"},{"taxonomy":"post_tag","embeddable":true,"href":"https:\/\/www.deberes.net\/tesis\/wp-json\/wp\/v2\/tags?post=42785"}],"curies":[{"name":"wp","href":"https:\/\/api.w.org\/{rel}","templated":true}]}}