{"id":42807,"date":"2018-03-09T09:44:53","date_gmt":"2018-03-09T09:44:53","guid":{"rendered":"https:\/\/www.deberes.net\/tesis\/sin-categoria\/procesos-psicosociales-y-sintomatologa%c2%ada-alimentaria\/"},"modified":"2018-03-09T09:44:53","modified_gmt":"2018-03-09T09:44:53","slug":"procesos-psicosociales-y-sintomatologa%c2%ada-alimentaria","status":"publish","type":"post","link":"https:\/\/www.deberes.net\/tesis\/ciencias-medicas\/procesos-psicosociales-y-sintomatologa%c2%ada-alimentaria\/","title":{"rendered":"Procesos psicosociales y sintomatolog\u00eda alimentaria"},"content":{"rendered":"<h2>Tesis doctoral de <strong>  Sansinenea M\u00e9ndez Jos\u00e9 M. <\/strong><\/h2>\n<p>La t\u00e9sis presenta cinco estudios en torno a los trastornos alimentarios con j\u00f3venes de la comunidad aut\u00f3noma vasca y argentina. Los dos primeros estudios consisten en dise\u00f1os correlacionales encaminados a la validaci\u00f3n de las versiones en castellano de dos instruemntos universalmente utilizados para la detecci\u00f3n de los trastornos bul\u00edmicos y anor\u00e9xicos: el eat40 y el eat26. El tercer estudio, tambi\u00e9n correlacional, estudia la sintomatolog\u00eda ansiosa, depresiva y diferencias en autoestima entre j\u00f3venes con y sin sintomatolog\u00eda alimentaria.  los dos \u00faltimos estudios son de car\u00e1cter experimental y tratan de analizar al existencia de diferencias en los procesos cognitivos (atribucionales) entre sujetos con y sin trastornos de alimentaci\u00f3n, estudiando la forma en la que interpretan, sienten y act\u00faan ante condiciones de \u00e9xito o de fracaso en situaciones de logro e interpersonales.  adem\u00e1s, la introducci\u00f3n te\u00f3rica presenta una revisi\u00f3n actualizada de la literatura existente en las psicolog\u00eda en torno a la anorexia y la bulimia nerviosas.<\/p>\n<p>&nbsp;<\/p>\n<h3>Datos acad\u00e9micos de la tesis doctoral \u00ab<strong>Procesos psicosociales y sintomatolog\u00eda alimentaria<\/strong>\u00ab<\/h3>\n<ul>\n<li><strong>T\u00edtulo de la tesis:<\/strong>\u00a0 Procesos psicosociales y sintomatolog\u00eda alimentaria <\/li>\n<li><strong>Autor:<\/strong>\u00a0  Sansinenea M\u00e9ndez Jos\u00e9 M. <\/li>\n<li><strong>Universidad:<\/strong>\u00a0 Pa\u00eds vasco\/euskal herriko unibertsitatea<\/li>\n<li><strong>Fecha de lectura de la tesis:<\/strong>\u00a0 22\/03\/1999<\/li>\n<\/ul>\n<p>&nbsp;<\/p>\n<h3>Direcci\u00f3n y tribunal<\/h3>\n<ul>\n<li><strong>Director de la tesis<\/strong>\n<ul>\n<li> Valencia G\u00e1rate Jos\u00e9 Francisco<\/li>\n<\/ul>\n<\/li>\n<li><strong>Tribunal<\/strong>\n<ul>\n<li>Presidente del tribunal: ramon Bayes sopena <\/li>\n<li>ramon Alzate saez de heredia (vocal)<\/li>\n<li>amalio Blanco abarca (vocal)<\/li>\n<li> Villarreal saez Miguel angel (vocal)<\/li>\n<\/ul>\n<\/li>\n<\/ul>\n<p>&nbsp;<\/p>\n","protected":false},"excerpt":{"rendered":"<p>Tesis doctoral de Sansinenea M\u00e9ndez Jos\u00e9 M. La t\u00e9sis presenta cinco estudios en torno a los trastornos alimentarios con j\u00f3venes [&hellip;]<\/p>\n","protected":false},"author":1,"featured_media":0,"comment_status":"open","ping_status":"open","sticky":false,"template":"","format":"standard","meta":{"site-sidebar-layout":"default","site-content-layout":"","ast-site-content-layout":"","site-content-style":"default","site-sidebar-style":"default","ast-global-header-display":"","ast-banner-title-visibility":"","ast-main-header-display":"","ast-hfb-above-header-display":"","ast-hfb-below-header-display":"","ast-hfb-mobile-header-display":"","site-post-title":"","ast-breadcrumbs-content":"","ast-featured-img":"","footer-sml-layout":"","theme-transparent-header-meta":"","adv-header-id-meta":"","stick-header-meta":"","header-above-stick-meta":"","header-main-stick-meta":"","header-below-stick-meta":"","astra-migrate-meta-layouts":"default","ast-page-background-enabled":"default","ast-page-background-meta":{"desktop":{"background-color":"var(--ast-global-color-4)","background-image":"","background-repeat":"repeat","background-position":"center center","background-size":"auto","background-attachment":"scroll","background-type":"","background-media":"","overlay-type":"","overlay-color":"","overlay-gradient":""},"tablet":{"background-color":"","background-image":"","background-repeat":"repeat","background-position":"center center","background-size":"auto","background-attachment":"scroll","background-type":"","background-media":"","overlay-type":"","overlay-color":"","overlay-gradient":""},"mobile":{"background-color":"","background-image":"","background-repeat":"repeat","background-position":"center center","background-size":"auto","background-attachment":"scroll","background-type":"","background-media":"","overlay-type":"","overlay-color":"","overlay-gradient":""}},"ast-content-background-meta":{"desktop":{"background-color":"var(--ast-global-color-5)","background-image":"","background-repeat":"repeat","background-position":"center center","background-size":"auto","background-attachment":"scroll","background-type":"","background-media":"","overlay-type":"","overlay-color":"","overlay-gradient":""},"tablet":{"background-color":"var(--ast-global-color-5)","background-image":"","background-repeat":"repeat","background-position":"center center","background-size":"auto","background-attachment":"scroll","background-type":"","background-media":"","overlay-type":"","overlay-color":"","overlay-gradient":""},"mobile":{"background-color":"var(--ast-global-color-5)","background-image":"","background-repeat":"repeat","background-position":"center center","background-size":"auto","background-attachment":"scroll","background-type":"","background-media":"","overlay-type":"","overlay-color":"","overlay-gradient":""}},"footnotes":""},"categories":[155,467,9,2931,32760,12909,487,269,32761],"tags":[7128,13291,12377,107316,28415,95626],"class_list":["post-42807","post","type-post","status-publish","format-standard","hentry","category-ciencias-clinicas","category-ciencias-de-la-nutricion","category-ciencias-medicas","category-enfermedades-de-la-nutricion","category-metodos-de-investigacion-social","category-pais-vasco-euskal-herriko-unibertsitatea","category-psicologia-clinica","category-sociologia","category-sociologia-experimental","tag-amalio-blanco-abarca","tag-ramon-alzate-saez-de-heredia","tag-ramon-bayes-sopena","tag-sansinenea-mendez-jose-m","tag-valencia-garate-jose-francisco","tag-villarreal-saez-miguel-angel"],"_links":{"self":[{"href":"https:\/\/www.deberes.net\/tesis\/wp-json\/wp\/v2\/posts\/42807","targetHints":{"allow":["GET"]}}],"collection":[{"href":"https:\/\/www.deberes.net\/tesis\/wp-json\/wp\/v2\/posts"}],"about":[{"href":"https:\/\/www.deberes.net\/tesis\/wp-json\/wp\/v2\/types\/post"}],"author":[{"embeddable":true,"href":"https:\/\/www.deberes.net\/tesis\/wp-json\/wp\/v2\/users\/1"}],"replies":[{"embeddable":true,"href":"https:\/\/www.deberes.net\/tesis\/wp-json\/wp\/v2\/comments?post=42807"}],"version-history":[{"count":0,"href":"https:\/\/www.deberes.net\/tesis\/wp-json\/wp\/v2\/posts\/42807\/revisions"}],"wp:attachment":[{"href":"https:\/\/www.deberes.net\/tesis\/wp-json\/wp\/v2\/media?parent=42807"}],"wp:term":[{"taxonomy":"category","embeddable":true,"href":"https:\/\/www.deberes.net\/tesis\/wp-json\/wp\/v2\/categories?post=42807"},{"taxonomy":"post_tag","embeddable":true,"href":"https:\/\/www.deberes.net\/tesis\/wp-json\/wp\/v2\/tags?post=42807"}],"curies":[{"name":"wp","href":"https:\/\/api.w.org\/{rel}","templated":true}]}}