{"id":42810,"date":"2018-03-09T09:44:53","date_gmt":"2018-03-09T09:44:53","guid":{"rendered":"https:\/\/www.deberes.net\/tesis\/sin-categoria\/efectos-de-la-aplicacion-de-algunos-instrumentos-del-programa-de-enriquecimiento-instrumental-de-r-feverstein-en-los-educandos-de-primer-y-segundo-ciclo-de-educacion-primaria\/"},"modified":"2018-03-09T09:44:53","modified_gmt":"2018-03-09T09:44:53","slug":"efectos-de-la-aplicacion-de-algunos-instrumentos-del-programa-de-enriquecimiento-instrumental-de-r-feverstein-en-los-educandos-de-primer-y-segundo-ciclo-de-educacion-primaria","status":"publish","type":"post","link":"https:\/\/www.deberes.net\/tesis\/pedagogia\/efectos-de-la-aplicacion-de-algunos-instrumentos-del-programa-de-enriquecimiento-instrumental-de-r-feverstein-en-los-educandos-de-primer-y-segundo-ciclo-de-educacion-primaria\/","title":{"rendered":"Efectos de la aplicaci\u00f3n de algunos instrumentos del programa de enriquecimiento instrumental de r. feverstein en los educandos de primer y segundo ciclo de educaci\u00f3n primaria."},"content":{"rendered":"<h2>Tesis doctoral de <strong> Teodora Gamazo P\u00e9rez <\/strong><\/h2>\n<p>En la investigaci\u00f3n se alude a la intervenci\u00f3n psicopedag\u00f3gica en el marco de los programas de ense\u00f1ar a pensar, para establecer un logro en el desarrollo intelectual. Desde el proceso interactivo de la educaci\u00f3n se plantea la mediaci\u00f3n como la motivaci\u00f3n necesaria para impulsar el aprendizaje desde el proceso del pensamiento creador. Se plantea la perspectiva din\u00e1mica de la inteligencia desde la modificacbilidad cognitiva entendida como la energ\u00eda que activa la capacidad de responder a situaciones nuevas, como desarrollo potencial. Se estructura el proceso de ense\u00f1anza aprendizaje desde la potenciaci\u00f3n del desarrollo de estategias, de funciones cognitivas y de la creaci\u00f3n de un talente nuevo del educador mediador. Ante la propuesta de mediaci\u00f3n educativa, como fundamentaci\u00f3n te\u00f3rica se establece el programa enriquecimiento instrumental como soluci\u00f3n del m\u00e9todo de aprendizaje mediado. se formulan las hip\u00f3tesis desde la obtenci\u00f3n del grupo experimental de mejores resultados en las habilidades perceptivas, dominio de estrategias, comportamiento reflexivo, la flexibilidad de pensamiento y el trabajo reponsable. en el marco de la pretensi\u00f3n de los instrumentos aplicados para operativizar la mediaci\u00f3n, se alude a la sistematizaci\u00f3n:  1- la creaci\u00f3n de los instrumentos adaptados por teodara gamazo p\u00e9rez (puntitos, orientaci\u00f3n, comparaci\u00f3n y clasifiaci\u00f3n).  2- algunos instrumentos expuestos por el dr. R. Feurestein.<\/p>\n<p>&nbsp;<\/p>\n<h3>Datos acad\u00e9micos de la tesis doctoral \u00ab<strong>Efectos de la aplicaci\u00f3n de algunos instrumentos del programa de enriquecimiento instrumental de r. feverstein en los educandos de primer y segundo ciclo de educaci\u00f3n primaria.<\/strong>\u00ab<\/h3>\n<ul>\n<li><strong>T\u00edtulo de la tesis:<\/strong>\u00a0 Efectos de la aplicaci\u00f3n de algunos instrumentos del programa de enriquecimiento instrumental de r. feverstein en los educandos de primer y segundo ciclo de educaci\u00f3n primaria. <\/li>\n<li><strong>Autor:<\/strong>\u00a0 Teodora Gamazo P\u00e9rez <\/li>\n<li><strong>Universidad:<\/strong>\u00a0 Nacional de educaci\u00f3n a distancia<\/li>\n<li><strong>Fecha de lectura de la tesis:<\/strong>\u00a0 22\/03\/1999<\/li>\n<\/ul>\n<p>&nbsp;<\/p>\n<h3>Direcci\u00f3n y tribunal<\/h3>\n<ul>\n<li><strong>Director de la tesis<\/strong>\n<ul>\n<li>Ramon Perez Juste<\/li>\n<\/ul>\n<\/li>\n<li><strong>Tribunal<\/strong>\n<ul>\n<li>Presidente del tribunal: carmen Jimenez fern\u00e1ndez <\/li>\n<li>Luis Garc\u00eda mediavilla (vocal)<\/li>\n<li>gonzalo Sampscual maicas (vocal)<\/li>\n<li>gregorio Rodriguez g\u00f3mez (vocal)<\/li>\n<\/ul>\n<\/li>\n<\/ul>\n<p>&nbsp;<\/p>\n","protected":false},"excerpt":{"rendered":"<p>Tesis doctoral de Teodora Gamazo P\u00e9rez En la investigaci\u00f3n se alude a la intervenci\u00f3n psicopedag\u00f3gica en el marco de los [&hellip;]<\/p>\n","protected":false},"author":1,"featured_media":0,"comment_status":"open","ping_status":"open","sticky":false,"template":"","format":"standard","meta":{"site-sidebar-layout":"default","site-content-layout":"","ast-site-content-layout":"","site-content-style":"default","site-sidebar-style":"default","ast-global-header-display":"","ast-banner-title-visibility":"","ast-main-header-display":"","ast-hfb-above-header-display":"","ast-hfb-below-header-display":"","ast-hfb-mobile-header-display":"","site-post-title":"","ast-breadcrumbs-content":"","ast-featured-img":"","footer-sml-layout":"","theme-transparent-header-meta":"","adv-header-id-meta":"","stick-header-meta":"","header-above-stick-meta":"","header-main-stick-meta":"","header-below-stick-meta":"","astra-migrate-meta-layouts":"default","ast-page-background-enabled":"default","ast-page-background-meta":{"desktop":{"background-color":"var(--ast-global-color-4)","background-image":"","background-repeat":"repeat","background-position":"center center","background-size":"auto","background-attachment":"scroll","background-type":"","background-media":"","overlay-type":"","overlay-color":"","overlay-gradient":""},"tablet":{"background-color":"","background-image":"","background-repeat":"repeat","background-position":"center center","background-size":"auto","background-attachment":"scroll","background-type":"","background-media":"","overlay-type":"","overlay-color":"","overlay-gradient":""},"mobile":{"background-color":"","background-image":"","background-repeat":"repeat","background-position":"center center","background-size":"auto","background-attachment":"scroll","background-type":"","background-media":"","overlay-type":"","overlay-color":"","overlay-gradient":""}},"ast-content-background-meta":{"desktop":{"background-color":"var(--ast-global-color-5)","background-image":"","background-repeat":"repeat","background-position":"center center","background-size":"auto","background-attachment":"scroll","background-type":"","background-media":"","overlay-type":"","overlay-color":"","overlay-gradient":""},"tablet":{"background-color":"var(--ast-global-color-5)","background-image":"","background-repeat":"repeat","background-position":"center center","background-size":"auto","background-attachment":"scroll","background-type":"","background-media":"","overlay-type":"","overlay-color":"","overlay-gradient":""},"mobile":{"background-color":"var(--ast-global-color-5)","background-image":"","background-repeat":"repeat","background-position":"center center","background-size":"auto","background-attachment":"scroll","background-type":"","background-media":"","overlay-type":"","overlay-color":"","overlay-gradient":""}},"footnotes":""},"categories":[2623,2233,17070,1184,1141,1341],"tags":[17072,107322,54752,17357,9577,107321],"class_list":["post-42810","post","type-post","status-publish","format-standard","hentry","category-educacion-basica","category-metodos-pedagogicos","category-nacional-de-educacion-a-distancia","category-organizacion-y-planificacion-de-la-educacion","category-pedagogia","category-teoria-y-metodos-educativos","tag-carmen-jimenez-fernandez","tag-gonzalo-sampscual-maicas","tag-gregorio-rodriguez-gomez","tag-luis-garcia-mediavilla","tag-ramon-perez-juste","tag-teodora-gamazo-perez"],"_links":{"self":[{"href":"https:\/\/www.deberes.net\/tesis\/wp-json\/wp\/v2\/posts\/42810","targetHints":{"allow":["GET"]}}],"collection":[{"href":"https:\/\/www.deberes.net\/tesis\/wp-json\/wp\/v2\/posts"}],"about":[{"href":"https:\/\/www.deberes.net\/tesis\/wp-json\/wp\/v2\/types\/post"}],"author":[{"embeddable":true,"href":"https:\/\/www.deberes.net\/tesis\/wp-json\/wp\/v2\/users\/1"}],"replies":[{"embeddable":true,"href":"https:\/\/www.deberes.net\/tesis\/wp-json\/wp\/v2\/comments?post=42810"}],"version-history":[{"count":0,"href":"https:\/\/www.deberes.net\/tesis\/wp-json\/wp\/v2\/posts\/42810\/revisions"}],"wp:attachment":[{"href":"https:\/\/www.deberes.net\/tesis\/wp-json\/wp\/v2\/media?parent=42810"}],"wp:term":[{"taxonomy":"category","embeddable":true,"href":"https:\/\/www.deberes.net\/tesis\/wp-json\/wp\/v2\/categories?post=42810"},{"taxonomy":"post_tag","embeddable":true,"href":"https:\/\/www.deberes.net\/tesis\/wp-json\/wp\/v2\/tags?post=42810"}],"curies":[{"name":"wp","href":"https:\/\/api.w.org\/{rel}","templated":true}]}}