{"id":42826,"date":"2018-03-09T09:44:55","date_gmt":"2018-03-09T09:44:55","guid":{"rendered":"https:\/\/www.deberes.net\/tesis\/sin-categoria\/la-cohesion-economica-y-social-en-la-union-europea-consideracion-del-caso-espanol\/"},"modified":"2018-03-09T09:44:55","modified_gmt":"2018-03-09T09:44:55","slug":"la-cohesion-economica-y-social-en-la-union-europea-consideracion-del-caso-espanol","status":"publish","type":"post","link":"https:\/\/www.deberes.net\/tesis\/ciencias-economicas\/la-cohesion-economica-y-social-en-la-union-europea-consideracion-del-caso-espanol\/","title":{"rendered":"La cohesi\u00f3n economica y social en la uni\u00f3n europea. consideraci\u00f3n del caso espa\u00f1ol."},"content":{"rendered":"<h2>Tesis doctoral de <strong> Eva Carrasco Morales <\/strong><\/h2>\n<p>Aunque la cohesi\u00f3n econ\u00f3mica y social no se menciona de forma expresa hasta el acta \u00fanica europea, este objetivo ha ido adquiriendo una mayor relevancia lo largo del tiempo, como lo de muestra que el tratado de maastricht considere la cohesi\u00f3n como una de las misiones fundamentales de la comunidad. \u00c2\u00bfqu\u00e9 es la cohesi\u00f3n?, \u00c2\u00bfCon qu\u00e9 instrumentos se ha aplicado en la uni\u00f3n europea? Si su finalidad es conseguir la reducci\u00f3n de las disparidades territoriales, \u00c2\u00bfse ha conseguido dicho objetivo en el caso concreto de espa\u00f1a?.  en este trabajo, se sostiene la tesis de que la cohesi\u00f3n es fundamentalmente un objetivo pol\u00edtico, que no se puede entender \u00fanicamente bajo la l\u00f3gica de argumentos econ\u00f3micos. En el seno de la uni\u00f3n, se ha aplicado mediante una serie de instrumentos, los denominados fondos estructurales tradicionales: el feder, el fse y el feoga-orientaci\u00f3n. A estos instrumentos se a\u00f1aden en 1993 el ifop y el fondo de cohesi\u00f3n.  finalmente, en el caso concreto de espa\u00f1a, se demuestra que no se puede concluir que la aplicaci\u00f3n de los fondos estructurales y del fondo de cohesi\u00f3n haya provocado, por s\u00ed sola, una disminuci\u00f3n de las disparidades territoriales existentes en nuestro pa\u00eds.  este planteamiento justifica que se haya estructurado la tesis en tres partes para intentar ofrecer un enfoque lo m\u00e1s completo posible sobre el tema.  &#8211; en la primera parte, de car\u00e1cter eminentemente te\u00f3rico, se realiza una aproximaci\u00f3n al concepto de cohesi\u00f3n, para lo cual se empieza por definir su siginificado y se establece un posible marco te\u00f3rico a partir de las aportaciones de la teor\u00eda econ\u00f3mica que sirvan asimismo para determinar la relaci\u00f3n existente entre los conceptos de convergencia nominal y real (concepto \u00e9ste \u00faltimo que se identifica con el de cohesi\u00f3n).  &#8211; la segunda parte establece un estado de la situaci\u00f3n de la cohesi\u00f3n en el contexto de la uni\u00f3n, analiza la relaci\u00f3n entre la actividad financiera<\/p>\n<p>&nbsp;<\/p>\n<h3>Datos acad\u00e9micos de la tesis doctoral \u00ab<strong>La cohesi\u00f3n economica y social en la uni\u00f3n europea. consideraci\u00f3n del caso espa\u00f1ol.<\/strong>\u00ab<\/h3>\n<ul>\n<li><strong>T\u00edtulo de la tesis:<\/strong>\u00a0 La cohesi\u00f3n economica y social en la uni\u00f3n europea. consideraci\u00f3n del caso espa\u00f1ol. <\/li>\n<li><strong>Autor:<\/strong>\u00a0 Eva Carrasco Morales <\/li>\n<li><strong>Universidad:<\/strong>\u00a0 Nacional de educaci\u00f3n a distancia<\/li>\n<li><strong>Fecha de lectura de la tesis:<\/strong>\u00a0 25\/03\/1999<\/li>\n<\/ul>\n<p>&nbsp;<\/p>\n<h3>Direcci\u00f3n y tribunal<\/h3>\n<ul>\n<li><strong>Director de la tesis<\/strong>\n<ul>\n<li>Juan  Emilio Iranzo Mart\u00edn<\/li>\n<\/ul>\n<\/li>\n<li><strong>Tribunal<\/strong>\n<ul>\n<li>Presidente del tribunal: alejandro Lorca corrons <\/li>\n<li>Jaime Requeijo gonz\u00e1lez (vocal)<\/li>\n<li> Lopez Martinez Jos\u00e9 humberto (vocal)<\/li>\n<li>Jos\u00e9 Mar\u00eda Garcia alonso (vocal)<\/li>\n<\/ul>\n<\/li>\n<\/ul>\n<p>&nbsp;<\/p>\n","protected":false},"excerpt":{"rendered":"<p>Tesis doctoral de Eva Carrasco Morales Aunque la cohesi\u00f3n econ\u00f3mica y social no se menciona de forma expresa hasta el [&hellip;]<\/p>\n","protected":false},"author":1,"featured_media":0,"comment_status":"open","ping_status":"open","sticky":false,"template":"","format":"standard","meta":{"site-sidebar-layout":"default","site-content-layout":"","ast-site-content-layout":"","site-content-style":"default","site-sidebar-style":"default","ast-global-header-display":"","ast-banner-title-visibility":"","ast-main-header-display":"","ast-hfb-above-header-display":"","ast-hfb-below-header-display":"","ast-hfb-mobile-header-display":"","site-post-title":"","ast-breadcrumbs-content":"","ast-featured-img":"","footer-sml-layout":"","theme-transparent-header-meta":"","adv-header-id-meta":"","stick-header-meta":"","header-above-stick-meta":"","header-main-stick-meta":"","header-below-stick-meta":"","astra-migrate-meta-layouts":"default","ast-page-background-enabled":"default","ast-page-background-meta":{"desktop":{"background-color":"var(--ast-global-color-4)","background-image":"","background-repeat":"repeat","background-position":"center center","background-size":"auto","background-attachment":"scroll","background-type":"","background-media":"","overlay-type":"","overlay-color":"","overlay-gradient":""},"tablet":{"background-color":"","background-image":"","background-repeat":"repeat","background-position":"center center","background-size":"auto","background-attachment":"scroll","background-type":"","background-media":"","overlay-type":"","overlay-color":"","overlay-gradient":""},"mobile":{"background-color":"","background-image":"","background-repeat":"repeat","background-position":"center center","background-size":"auto","background-attachment":"scroll","background-type":"","background-media":"","overlay-type":"","overlay-color":"","overlay-gradient":""}},"ast-content-background-meta":{"desktop":{"background-color":"var(--ast-global-color-5)","background-image":"","background-repeat":"repeat","background-position":"center center","background-size":"auto","background-attachment":"scroll","background-type":"","background-media":"","overlay-type":"","overlay-color":"","overlay-gradient":""},"tablet":{"background-color":"var(--ast-global-color-5)","background-image":"","background-repeat":"repeat","background-position":"center center","background-size":"auto","background-attachment":"scroll","background-type":"","background-media":"","overlay-type":"","overlay-color":"","overlay-gradient":""},"mobile":{"background-color":"var(--ast-global-color-5)","background-image":"","background-repeat":"repeat","background-position":"center center","background-size":"auto","background-attachment":"scroll","background-type":"","background-media":"","overlay-type":"","overlay-color":"","overlay-gradient":""}},"footnotes":""},"categories":[82,83,910,17070],"tags":[15272,107352,31417,5064,5066,31416],"class_list":["post-42826","post","type-post","status-publish","format-standard","hentry","category-ciencias-economicas","category-economia-del-area-europea","category-economia-internacional","category-nacional-de-educacion-a-distancia","tag-alejandro-lorca-corrons","tag-eva-carrasco-morales","tag-jaime-requeijo-gonzalez","tag-jose-maria-garcia-alonso","tag-juan-emilio-iranzo-martin","tag-lopez-Martinez-jose-humberto"],"_links":{"self":[{"href":"https:\/\/www.deberes.net\/tesis\/wp-json\/wp\/v2\/posts\/42826","targetHints":{"allow":["GET"]}}],"collection":[{"href":"https:\/\/www.deberes.net\/tesis\/wp-json\/wp\/v2\/posts"}],"about":[{"href":"https:\/\/www.deberes.net\/tesis\/wp-json\/wp\/v2\/types\/post"}],"author":[{"embeddable":true,"href":"https:\/\/www.deberes.net\/tesis\/wp-json\/wp\/v2\/users\/1"}],"replies":[{"embeddable":true,"href":"https:\/\/www.deberes.net\/tesis\/wp-json\/wp\/v2\/comments?post=42826"}],"version-history":[{"count":0,"href":"https:\/\/www.deberes.net\/tesis\/wp-json\/wp\/v2\/posts\/42826\/revisions"}],"wp:attachment":[{"href":"https:\/\/www.deberes.net\/tesis\/wp-json\/wp\/v2\/media?parent=42826"}],"wp:term":[{"taxonomy":"category","embeddable":true,"href":"https:\/\/www.deberes.net\/tesis\/wp-json\/wp\/v2\/categories?post=42826"},{"taxonomy":"post_tag","embeddable":true,"href":"https:\/\/www.deberes.net\/tesis\/wp-json\/wp\/v2\/tags?post=42826"}],"curies":[{"name":"wp","href":"https:\/\/api.w.org\/{rel}","templated":true}]}}