{"id":42829,"date":"2018-03-09T09:44:56","date_gmt":"2018-03-09T09:44:56","guid":{"rendered":"https:\/\/www.deberes.net\/tesis\/sin-categoria\/arte-poetica-y-compromiso-la-obra-plastica-de-antoni-miro-1960-1993\/"},"modified":"2018-03-09T09:44:56","modified_gmt":"2018-03-09T09:44:56","slug":"arte-poetica-y-compromiso-la-obra-plastica-de-antoni-miro-1960-1993","status":"publish","type":"post","link":"https:\/\/www.deberes.net\/tesis\/historia\/arte-poetica-y-compromiso-la-obra-plastica-de-antoni-miro-1960-1993\/","title":{"rendered":"Arte, poetica y compromiso: la obra plastica de antoni miro (1960-1993)"},"content":{"rendered":"<h2>Tesis doctoral de <strong> Juan G\u00c1\u00bcill Martinez <\/strong><\/h2>\n<p>Este trabajo de investigaci\u00f3n sobre la obra pl\u00e1stica de antoni mir\u00f3 se presenta en dos volumenes.  el primer volumen, que incluye el cuerpo general del estudio se inicia con un analisis sobre el compromiso de antoni miro con la situacion historico-politica, social y cultural que vivi\u00f3 espa\u00f1a y en concreto el pais Valenciano en los a\u00f1os sesenta, lo que determina en su obra pl\u00e1stica su tematica y poetica, a la vez que su orientaci\u00f3n artistica y personal se encuadra dentro de la corriente que en el ambito Valenciano se agrupa bajo el com\u00fan denominador de la cronica de la realidad.  adem\u00e1s, se da a conocer su trayectoria artistica, sus trabajos clasificados en serie, las tecnicas y materiales que componen su trabajo, una extensa catalogaci\u00f3n de su obra, asi como nuevos aspectos que componen su conducta artistica, a traves de un conocimiento de su enclave y de su mundo, entendiendo este en un doble sentido: el mundo ambiental y el mundo personal.  este primer volumen termina con una apendice grafico presentado a trav\u00e9s de un \u00edndice cronol\u00f3gico y clasificado por temas donde aparece reproducida una parte de su obra.  el segundo volumen esta dedicado a la clasificaci\u00f3n y recopilaci\u00f3n de publicaciones que hasta el presente han visto la luz en catalogos como en revistas, libros y prensa en general&#8230;Escritos por muy diversos autores que recogen de modo extenso tanto opiniones como valoraciones, criticas y analisis desde una amplia perspectiva.<\/p>\n<p>&nbsp;<\/p>\n<h3>Datos acad\u00e9micos de la tesis doctoral \u00ab<strong>Arte, poetica y compromiso: la obra plastica de antoni miro (1960-1993)<\/strong>\u00ab<\/h3>\n<ul>\n<li><strong>T\u00edtulo de la tesis:<\/strong>\u00a0 Arte, poetica y compromiso: la obra plastica de antoni miro (1960-1993) <\/li>\n<li><strong>Autor:<\/strong>\u00a0 Juan G\u00c1\u00bcill Martinez <\/li>\n<li><strong>Universidad:<\/strong>\u00a0 Polit\u00e9cnica de Valencia<\/li>\n<li><strong>Fecha de lectura de la tesis:<\/strong>\u00a0 26\/03\/1999<\/li>\n<\/ul>\n<p>&nbsp;<\/p>\n<h3>Direcci\u00f3n y tribunal<\/h3>\n<ul>\n<li><strong>Director de la tesis<\/strong>\n<ul>\n<li>Juan  Bautista Peiro Lopez<\/li>\n<\/ul>\n<\/li>\n<li><strong>Tribunal<\/strong>\n<ul>\n<li>Presidente del tribunal: rafael Sanchez-carralero <\/li>\n<li>constancio Collado jare\u00f1o (vocal)<\/li>\n<li> Blasco carrascosa Juan  angel (vocal)<\/li>\n<li>julio Martin martin (vocal)<\/li>\n<\/ul>\n<\/li>\n<\/ul>\n<p>&nbsp;<\/p>\n","protected":false},"excerpt":{"rendered":"<p>Tesis doctoral de Juan G\u00c1\u00bcill Martinez Este trabajo de investigaci\u00f3n sobre la obra pl\u00e1stica de antoni mir\u00f3 se presenta en [&hellip;]<\/p>\n","protected":false},"author":1,"featured_media":0,"comment_status":"open","ping_status":"open","sticky":false,"template":"","format":"standard","meta":{"site-sidebar-layout":"default","site-content-layout":"","ast-site-content-layout":"","site-content-style":"default","site-sidebar-style":"default","ast-global-header-display":"","ast-banner-title-visibility":"","ast-main-header-display":"","ast-hfb-above-header-display":"","ast-hfb-below-header-display":"","ast-hfb-mobile-header-display":"","site-post-title":"","ast-breadcrumbs-content":"","ast-featured-img":"","footer-sml-layout":"","theme-transparent-header-meta":"","adv-header-id-meta":"","stick-header-meta":"","header-above-stick-meta":"","header-main-stick-meta":"","header-below-stick-meta":"","astra-migrate-meta-layouts":"default","ast-page-background-enabled":"default","ast-page-background-meta":{"desktop":{"background-color":"var(--ast-global-color-4)","background-image":"","background-repeat":"repeat","background-position":"center center","background-size":"auto","background-attachment":"scroll","background-type":"","background-media":"","overlay-type":"","overlay-color":"","overlay-gradient":""},"tablet":{"background-color":"","background-image":"","background-repeat":"repeat","background-position":"center center","background-size":"auto","background-attachment":"scroll","background-type":"","background-media":"","overlay-type":"","overlay-color":"","overlay-gradient":""},"mobile":{"background-color":"","background-image":"","background-repeat":"repeat","background-position":"center center","background-size":"auto","background-attachment":"scroll","background-type":"","background-media":"","overlay-type":"","overlay-color":"","overlay-gradient":""}},"ast-content-background-meta":{"desktop":{"background-color":"var(--ast-global-color-5)","background-image":"","background-repeat":"repeat","background-position":"center center","background-size":"auto","background-attachment":"scroll","background-type":"","background-media":"","overlay-type":"","overlay-color":"","overlay-gradient":""},"tablet":{"background-color":"var(--ast-global-color-5)","background-image":"","background-repeat":"repeat","background-position":"center center","background-size":"auto","background-attachment":"scroll","background-type":"","background-media":"","overlay-type":"","overlay-color":"","overlay-gradient":""},"mobile":{"background-color":"var(--ast-global-color-5)","background-image":"","background-repeat":"repeat","background-position":"center center","background-size":"auto","background-attachment":"scroll","background-type":"","background-media":"","overlay-type":"","overlay-color":"","overlay-gradient":""}},"footnotes":""},"categories":[147,104,1014,2563,222,3806,16820,1111],"tags":[12273,67668,31393,107356,31396,7702],"class_list":["post-42829","post","type-post","status-publish","format-standard","hentry","category-ciencias-de-las-artes-y-las-letras","category-historia","category-historia-del-arte","category-historia-del-arte-de-los-siglos-xix-y-xx","category-historias-especializadas","category-pintura","category-politecnica-de-valencia","category-teoria-analisis-y-critica-de-las-bellas-artes","tag-blasco-carrascosa-juan-angel","tag-constancio-collado-jareno","tag-juan-bautista-peiro-lopez","tag-juan-gaill-Martinez","tag-julio-martin-martin","tag-rafael-sanchez-carralero"],"_links":{"self":[{"href":"https:\/\/www.deberes.net\/tesis\/wp-json\/wp\/v2\/posts\/42829","targetHints":{"allow":["GET"]}}],"collection":[{"href":"https:\/\/www.deberes.net\/tesis\/wp-json\/wp\/v2\/posts"}],"about":[{"href":"https:\/\/www.deberes.net\/tesis\/wp-json\/wp\/v2\/types\/post"}],"author":[{"embeddable":true,"href":"https:\/\/www.deberes.net\/tesis\/wp-json\/wp\/v2\/users\/1"}],"replies":[{"embeddable":true,"href":"https:\/\/www.deberes.net\/tesis\/wp-json\/wp\/v2\/comments?post=42829"}],"version-history":[{"count":0,"href":"https:\/\/www.deberes.net\/tesis\/wp-json\/wp\/v2\/posts\/42829\/revisions"}],"wp:attachment":[{"href":"https:\/\/www.deberes.net\/tesis\/wp-json\/wp\/v2\/media?parent=42829"}],"wp:term":[{"taxonomy":"category","embeddable":true,"href":"https:\/\/www.deberes.net\/tesis\/wp-json\/wp\/v2\/categories?post=42829"},{"taxonomy":"post_tag","embeddable":true,"href":"https:\/\/www.deberes.net\/tesis\/wp-json\/wp\/v2\/tags?post=42829"}],"curies":[{"name":"wp","href":"https:\/\/api.w.org\/{rel}","templated":true}]}}