{"id":42834,"date":"1999-06-04T00:00:00","date_gmt":"1999-06-04T00:00:00","guid":{"rendered":"https:\/\/www.deberes.net\/tesis\/sin-categoria\/incidencia-de-la-dinamica-sociocultural-de-las-poblaciones-rurales-en-el-desarrollo-local-el-caso-de-la-provincia-de-zaragoza\/"},"modified":"1999-06-04T00:00:00","modified_gmt":"1999-06-04T00:00:00","slug":"incidencia-de-la-dinamica-sociocultural-de-las-poblaciones-rurales-en-el-desarrollo-local-el-caso-de-la-provincia-de-zaragoza","status":"publish","type":"post","link":"https:\/\/www.deberes.net\/tesis\/sociologia\/incidencia-de-la-dinamica-sociocultural-de-las-poblaciones-rurales-en-el-desarrollo-local-el-caso-de-la-provincia-de-zaragoza\/","title":{"rendered":"\u00abincidencia de la dinamica sociocultural de las poblaciones rurales en el desarrollo local. el caso de la provincia de zaragoza\u00bb"},"content":{"rendered":"<h2>Tesis doctoral de <strong> Rafael Sanchez Sanchez <\/strong><\/h2>\n<p>En este trabajo se aborda un breve estudio conceptual y te\u00f3rico que fundamenta la investigaci\u00f3n; se exponen varias experiencias significativas correspondientes a diferentes instituciones que, con sus acciones socioculturales y educativas, estan contribuyendo al desarrollo rural, y , finalmente, se realiza un analisis pormenorizado de la dinamica sociocultural existente en los municipios de la provincia de zaragoza y su incidencia en el desarrollo local.  en definitiva, se analizan las acciones de difusi\u00f3n cultural, las acciones creativas y las formativas como un dinamismo capaz de incidir en la poblaci\u00f3n y en los municipios. Cabe destacar el an\u00e1lisis sobre los centros y aulas de educaci\u00f3n de adultos de la provincia de zaragoza: evoluci\u00f3n, situaci\u00f3n e incidencia en la comunidad rural.<\/p>\n<p>&nbsp;<\/p>\n<h3>Datos acad\u00e9micos de la tesis doctoral \u00ab<strong>\u00abincidencia de la dinamica sociocultural de las poblaciones rurales en el desarrollo local. el caso de la provincia de zaragoza\u00bb<\/strong>\u00ab<\/h3>\n<ul>\n<li><strong>T\u00edtulo de la tesis:<\/strong>\u00a0 \u00abincidencia de la dinamica sociocultural de las poblaciones rurales en el desarrollo local. el caso de la provincia de zaragoza\u00bb <\/li>\n<li><strong>Autor:<\/strong>\u00a0 Rafael Sanchez Sanchez <\/li>\n<li><strong>Universidad:<\/strong>\u00a0 Nacional de educaci\u00f3n a distancia<\/li>\n<li><strong>Fecha de lectura de la tesis:<\/strong>\u00a0 06\/04\/1999<\/li>\n<\/ul>\n<p>&nbsp;<\/p>\n<h3>Direcci\u00f3n y tribunal<\/h3>\n<ul>\n<li><strong>Director de la tesis<\/strong>\n<ul>\n<li>Jos\u00e9 Mar\u00eda Quintana Cabanas<\/li>\n<\/ul>\n<\/li>\n<li><strong>Tribunal<\/strong>\n<ul>\n<li>Presidente del tribunal: gloria Perez serrano <\/li>\n<li>amalia Claudio puerto (vocal)<\/li>\n<li>Antonio Sanchez sanchez (vocal)<\/li>\n<li>josep Mar\u00eda Puig rovira (vocal)<\/li>\n<\/ul>\n<\/li>\n<\/ul>\n<p>&nbsp;<\/p>\n","protected":false},"excerpt":{"rendered":"<p>Tesis doctoral de Rafael Sanchez Sanchez En este trabajo se aborda un breve estudio conceptual y te\u00f3rico que fundamenta la [&hellip;]<\/p>\n","protected":false},"author":1,"featured_media":0,"comment_status":"open","ping_status":"open","sticky":false,"template":"","format":"standard","meta":{"site-sidebar-layout":"default","site-content-layout":"","ast-site-content-layout":"","site-content-style":"default","site-sidebar-style":"default","ast-global-header-display":"","ast-banner-title-visibility":"","ast-main-header-display":"","ast-hfb-above-header-display":"","ast-hfb-below-header-display":"","ast-hfb-mobile-header-display":"","site-post-title":"","ast-breadcrumbs-content":"","ast-featured-img":"","footer-sml-layout":"","theme-transparent-header-meta":"","adv-header-id-meta":"","stick-header-meta":"","header-above-stick-meta":"","header-main-stick-meta":"","header-below-stick-meta":"","astra-migrate-meta-layouts":"default","ast-page-background-enabled":"default","ast-page-background-meta":{"desktop":{"background-color":"var(--ast-global-color-4)","background-image":"","background-repeat":"repeat","background-position":"center center","background-size":"auto","background-attachment":"scroll","background-type":"","background-media":"","overlay-type":"","overlay-color":"","overlay-gradient":""},"tablet":{"background-color":"","background-image":"","background-repeat":"repeat","background-position":"center center","background-size":"auto","background-attachment":"scroll","background-type":"","background-media":"","overlay-type":"","overlay-color":"","overlay-gradient":""},"mobile":{"background-color":"","background-image":"","background-repeat":"repeat","background-position":"center center","background-size":"auto","background-attachment":"scroll","background-type":"","background-media":"","overlay-type":"","overlay-color":"","overlay-gradient":""}},"ast-content-background-meta":{"desktop":{"background-color":"var(--ast-global-color-5)","background-image":"","background-repeat":"repeat","background-position":"center center","background-size":"auto","background-attachment":"scroll","background-type":"","background-media":"","overlay-type":"","overlay-color":"","overlay-gradient":""},"tablet":{"background-color":"var(--ast-global-color-5)","background-image":"","background-repeat":"repeat","background-position":"center center","background-size":"auto","background-attachment":"scroll","background-type":"","background-media":"","overlay-type":"","overlay-color":"","overlay-gradient":""},"mobile":{"background-color":"var(--ast-global-color-5)","background-image":"","background-repeat":"repeat","background-position":"center center","background-size":"auto","background-attachment":"scroll","background-type":"","background-media":"","overlay-type":"","overlay-color":"","overlay-gradient":""}},"footnotes":""},"categories":[17070,1141,5714,269,1495,1496,1341],"tags":[11150,31512,2628,1500,1343,61184],"class_list":["post-42834","post","type-post","status-publish","format-standard","hentry","category-nacional-de-educacion-a-distancia","category-pedagogia","category-pedagogia-comparada","category-sociologia","category-sociologia-de-la-educacion","category-sociologia-del-trabajo","category-teoria-y-metodos-educativos","tag-amalia-claudio-puerto","tag-antonio-sanchez-sanchez","tag-gloria-perez-serrano","tag-jose-maria-quintana-cabanas","tag-josep-maria-puig-rovira","tag-rafael-sanchez-sanchez"],"_links":{"self":[{"href":"https:\/\/www.deberes.net\/tesis\/wp-json\/wp\/v2\/posts\/42834","targetHints":{"allow":["GET"]}}],"collection":[{"href":"https:\/\/www.deberes.net\/tesis\/wp-json\/wp\/v2\/posts"}],"about":[{"href":"https:\/\/www.deberes.net\/tesis\/wp-json\/wp\/v2\/types\/post"}],"author":[{"embeddable":true,"href":"https:\/\/www.deberes.net\/tesis\/wp-json\/wp\/v2\/users\/1"}],"replies":[{"embeddable":true,"href":"https:\/\/www.deberes.net\/tesis\/wp-json\/wp\/v2\/comments?post=42834"}],"version-history":[{"count":0,"href":"https:\/\/www.deberes.net\/tesis\/wp-json\/wp\/v2\/posts\/42834\/revisions"}],"wp:attachment":[{"href":"https:\/\/www.deberes.net\/tesis\/wp-json\/wp\/v2\/media?parent=42834"}],"wp:term":[{"taxonomy":"category","embeddable":true,"href":"https:\/\/www.deberes.net\/tesis\/wp-json\/wp\/v2\/categories?post=42834"},{"taxonomy":"post_tag","embeddable":true,"href":"https:\/\/www.deberes.net\/tesis\/wp-json\/wp\/v2\/tags?post=42834"}],"curies":[{"name":"wp","href":"https:\/\/api.w.org\/{rel}","templated":true}]}}