{"id":42851,"date":"2018-03-09T09:44:57","date_gmt":"2018-03-09T09:44:57","guid":{"rendered":"https:\/\/www.deberes.net\/tesis\/sin-categoria\/analisis-de-los-efectos-economicos-de-la-union-economica-y-monetaria-el-papel-de-los-shocks-asimetricos\/"},"modified":"2018-03-09T09:44:57","modified_gmt":"2018-03-09T09:44:57","slug":"analisis-de-los-efectos-economicos-de-la-union-economica-y-monetaria-el-papel-de-los-shocks-asimetricos","status":"publish","type":"post","link":"https:\/\/www.deberes.net\/tesis\/ciencias-economicas\/analisis-de-los-efectos-economicos-de-la-union-economica-y-monetaria-el-papel-de-los-shocks-asimetricos\/","title":{"rendered":"An\u00e1lisis de los efectos econ\u00f3micos de la uni\u00f3n econ\u00f3mica y monetaria; el papel de los shocks asim\u00e9tricos"},"content":{"rendered":"<h2>Tesis doctoral de <strong> Ra\u00fal Ramos Lobo <\/strong><\/h2>\n<p>En la tesis doctoral se analizan los principales efectos econ\u00f3micos que cabe esperar que se produzcan como consecuencia de la creaci\u00f3n de la uni\u00f3n econ\u00f3mica y monetaria. La revisi\u00f3n de la literatura ha puesto de manifiesto el papel clave de los shocks asim\u00e9tricos ante la renuncia a la pol\u00edtica monetaria como instrumento de la pol\u00edtica econ\u00f3mica nacional. desde un punto de vista te\u00f3rico, las visiones m\u00e1s optimistas sobre los efectos del proceso de unificaci\u00f3n monetaria se\u00f1alan que la probabilidad de que se produzcan este tipo de shocks en el futuro es reducida. Sin embargo, las predicciones de la \u00abnueva geograf\u00eda econ\u00f3mica\u00bb apuntan en la direcci\u00f3n contraria como consecuencia de la mayor especializaci\u00f3n productiva derivada de la intensificaci\u00f3n del mercado \u00fanico. La evidencia emp\u00edrica existente se inclina a favor de la visi\u00f3n m\u00e1s optimista, defenida, entre otros, por la comisi\u00f3n europea. Sin embargo, la mayor parte de estos trabajos emp\u00edricos adoptan un enfoque puramente est\u00e1tico para analizar la importancia de los shocks asim\u00e9tricos a partir  de datos hist\u00f3ricos sin tener en cuenta la existencia de posibles cambios estructurales. Para solucionar esta deficiencia, se toma como punto de partida un modelo de demenda y oferta agregada que permite obtener estimaciones de las series de shocks a partir de un modelo var estructural y a continuaci\u00f3n, se realiza un an\u00e1lisis din\u00e1mico del grado de asimetr\u00eda de los shocks experimentados por los pa\u00edses europeos a partir de un modelo state-space estimado a trav\u00e9s del filtro de kalman. Los resultados obtendidos muestran una reducci\u00f3n importante de las asimetr\u00edas de los shocks de demanda en el per\u00edodo 1976-1996 pero una mayor importancia de los shocks asim\u00e9tricos en t\u00e9rminos de oferta durante el final del per\u00edodo.<\/p>\n<p>&nbsp;<\/p>\n<h3>Datos acad\u00e9micos de la tesis doctoral \u00ab<strong>An\u00e1lisis de los efectos econ\u00f3micos de la uni\u00f3n econ\u00f3mica y monetaria; el papel de los shocks asim\u00e9tricos<\/strong>\u00ab<\/h3>\n<ul>\n<li><strong>T\u00edtulo de la tesis:<\/strong>\u00a0 An\u00e1lisis de los efectos econ\u00f3micos de la uni\u00f3n econ\u00f3mica y monetaria; el papel de los shocks asim\u00e9tricos <\/li>\n<li><strong>Autor:<\/strong>\u00a0 Ra\u00fal Ramos Lobo <\/li>\n<li><strong>Universidad:<\/strong>\u00a0 Barcelona<\/li>\n<li><strong>Fecha de lectura de la tesis:<\/strong>\u00a0 15\/04\/1999<\/li>\n<\/ul>\n<p>&nbsp;<\/p>\n<h3>Direcci\u00f3n y tribunal<\/h3>\n<ul>\n<li><strong>Director de la tesis<\/strong>\n<ul>\n<li>Jordi Suri\u00f1ach Caralt<\/li>\n<\/ul>\n<\/li>\n<li><strong>Tribunal<\/strong>\n<ul>\n<li>Presidente del tribunal:  Muns i albuixech joaquim <\/li>\n<li>carmela Mart\u00edn gonz\u00e1lez (vocal)<\/li>\n<li>joan Tugores ques (vocal)<\/li>\n<li>Manuel Sanchis marco (vocal)<\/li>\n<\/ul>\n<\/li>\n<\/ul>\n<p>&nbsp;<\/p>\n","protected":false},"excerpt":{"rendered":"<p>Tesis doctoral de Ra\u00fal Ramos Lobo En la tesis doctoral se analizan los principales efectos econ\u00f3micos que cabe esperar que [&hellip;]<\/p>\n","protected":false},"author":1,"featured_media":0,"comment_status":"open","ping_status":"open","sticky":false,"template":"","format":"standard","meta":{"site-sidebar-layout":"default","site-content-layout":"","ast-site-content-layout":"","site-content-style":"default","site-sidebar-style":"default","ast-global-header-display":"","ast-banner-title-visibility":"","ast-main-header-display":"","ast-hfb-above-header-display":"","ast-hfb-below-header-display":"","ast-hfb-mobile-header-display":"","site-post-title":"","ast-breadcrumbs-content":"","ast-featured-img":"","footer-sml-layout":"","theme-transparent-header-meta":"","adv-header-id-meta":"","stick-header-meta":"","header-above-stick-meta":"","header-main-stick-meta":"","header-below-stick-meta":"","astra-migrate-meta-layouts":"default","ast-page-background-enabled":"default","ast-page-background-meta":{"desktop":{"background-color":"var(--ast-global-color-4)","background-image":"","background-repeat":"repeat","background-position":"center center","background-size":"auto","background-attachment":"scroll","background-type":"","background-media":"","overlay-type":"","overlay-color":"","overlay-gradient":""},"tablet":{"background-color":"","background-image":"","background-repeat":"repeat","background-position":"center center","background-size":"auto","background-attachment":"scroll","background-type":"","background-media":"","overlay-type":"","overlay-color":"","overlay-gradient":""},"mobile":{"background-color":"","background-image":"","background-repeat":"repeat","background-position":"center center","background-size":"auto","background-attachment":"scroll","background-type":"","background-media":"","overlay-type":"","overlay-color":"","overlay-gradient":""}},"ast-content-background-meta":{"desktop":{"background-color":"var(--ast-global-color-5)","background-image":"","background-repeat":"repeat","background-position":"center center","background-size":"auto","background-attachment":"scroll","background-type":"","background-media":"","overlay-type":"","overlay-color":"","overlay-gradient":""},"tablet":{"background-color":"var(--ast-global-color-5)","background-image":"","background-repeat":"repeat","background-position":"center center","background-size":"auto","background-attachment":"scroll","background-type":"","background-media":"","overlay-type":"","overlay-color":"","overlay-gradient":""},"mobile":{"background-color":"var(--ast-global-color-5)","background-image":"","background-repeat":"repeat","background-position":"center center","background-size":"auto","background-attachment":"scroll","background-type":"","background-media":"","overlay-type":"","overlay-color":"","overlay-gradient":""}},"footnotes":""},"categories":[951,82,974,13381,524,2825],"tags":[6832,10285,20293,107394,19728,107393],"class_list":["post-42851","post","type-post","status-publish","format-standard","hentry","category-barcelona","category-ciencias-economicas","category-econometria","category-integracion-economica","category-modelos-econometricos","category-organizacion-industrial-y-sector-publico","tag-carmela-martin-gonzalez","tag-joan-tugores-ques","tag-jordi-surinach-caralt","tag-manuel-sanchis-marco","tag-muns-i-albuixech-joaquim","tag-raul-ramos-lobo"],"_links":{"self":[{"href":"https:\/\/www.deberes.net\/tesis\/wp-json\/wp\/v2\/posts\/42851","targetHints":{"allow":["GET"]}}],"collection":[{"href":"https:\/\/www.deberes.net\/tesis\/wp-json\/wp\/v2\/posts"}],"about":[{"href":"https:\/\/www.deberes.net\/tesis\/wp-json\/wp\/v2\/types\/post"}],"author":[{"embeddable":true,"href":"https:\/\/www.deberes.net\/tesis\/wp-json\/wp\/v2\/users\/1"}],"replies":[{"embeddable":true,"href":"https:\/\/www.deberes.net\/tesis\/wp-json\/wp\/v2\/comments?post=42851"}],"version-history":[{"count":0,"href":"https:\/\/www.deberes.net\/tesis\/wp-json\/wp\/v2\/posts\/42851\/revisions"}],"wp:attachment":[{"href":"https:\/\/www.deberes.net\/tesis\/wp-json\/wp\/v2\/media?parent=42851"}],"wp:term":[{"taxonomy":"category","embeddable":true,"href":"https:\/\/www.deberes.net\/tesis\/wp-json\/wp\/v2\/categories?post=42851"},{"taxonomy":"post_tag","embeddable":true,"href":"https:\/\/www.deberes.net\/tesis\/wp-json\/wp\/v2\/tags?post=42851"}],"curies":[{"name":"wp","href":"https:\/\/api.w.org\/{rel}","templated":true}]}}