{"id":42864,"date":"2018-03-09T09:44:59","date_gmt":"2018-03-09T09:44:59","guid":{"rendered":"https:\/\/www.deberes.net\/tesis\/sin-categoria\/las-fuentes-multiculturales-de-la-constitucion-pola%c2%adtica-en-colombia-historia-y-positivacion\/"},"modified":"2018-03-09T09:44:59","modified_gmt":"2018-03-09T09:44:59","slug":"las-fuentes-multiculturales-de-la-constitucion-pola%c2%adtica-en-colombia-historia-y-positivacion","status":"publish","type":"post","link":"https:\/\/www.deberes.net\/tesis\/ciencia-politica\/las-fuentes-multiculturales-de-la-constitucion-pola%c2%adtica-en-colombia-historia-y-positivacion\/","title":{"rendered":"Las fuentes multiculturales de la constituci\u00f3n pol\u00edtica en colombia: historia y positivaci\u00f3n"},"content":{"rendered":"<h2>Tesis doctoral de <strong>  Fajardo S\u00e1nchez Luis Alfonso <\/strong><\/h2>\n<p>Se analiza el tema del multiculturalismo tomando como punto de referencia la actividad desarrollada por la organizaci\u00f3n nacional ind\u00edgena en colombia onic en la asamblea nacional constituyente, de cuyas deliberaciones es fruto la actual constituci\u00f3n pol\u00edtica de colombia se refiere continuamente a las historias de lucha que permitieron esa reforma constitucional. Analizar las posiciones de diferentes grupos etnicos: cimarrones, pueblo rom y raizales concluye haciendo una propuesta pol\u00edtica desde la diversidad cultural para desarrollar una forma de paz positiva que deje de lado las pretensiones universalistas y vuelva su mirada al hecho diferencial. Aporta documentos originales de todo el proceso preconstitucional que son de enorme inter\u00e9s para una mejor comprensi\u00f3n del problema.<\/p>\n<p>&nbsp;<\/p>\n<h3>Datos acad\u00e9micos de la tesis doctoral \u00ab<strong>Las fuentes multiculturales de la constituci\u00f3n pol\u00edtica en colombia: historia y positivaci\u00f3n<\/strong>\u00ab<\/h3>\n<ul>\n<li><strong>T\u00edtulo de la tesis:<\/strong>\u00a0 Las fuentes multiculturales de la constituci\u00f3n pol\u00edtica en colombia: historia y positivaci\u00f3n <\/li>\n<li><strong>Autor:<\/strong>\u00a0  Fajardo S\u00e1nchez Luis Alfonso <\/li>\n<li><strong>Universidad:<\/strong>\u00a0 Carlos III de Madrid<\/li>\n<li><strong>Fecha de lectura de la tesis:<\/strong>\u00a0 20\/04\/1999<\/li>\n<\/ul>\n<p>&nbsp;<\/p>\n<h3>Direcci\u00f3n y tribunal<\/h3>\n<ul>\n<li><strong>Director de la tesis<\/strong>\n<ul>\n<li> Lucas Mart\u00edn F. JavierDe<\/li>\n<\/ul>\n<\/li>\n<li><strong>Tribunal<\/strong>\n<ul>\n<li>Presidente del tribunal: Carlos Thiebaut Luis-andre <\/li>\n<li> A\u00f1\u00f3n roig Mar\u00eda Jos\u00e9 (vocal)<\/li>\n<li>\u00e1ngel Llamas casc\u00f3n (vocal)<\/li>\n<li>joaqu\u00edm Herrera flores (vocal)<\/li>\n<\/ul>\n<\/li>\n<\/ul>\n<p>&nbsp;<\/p>\n","protected":false},"excerpt":{"rendered":"<p>Tesis doctoral de Fajardo S\u00e1nchez Luis Alfonso Se analiza el tema del multiculturalismo tomando como punto de referencia la actividad [&hellip;]<\/p>\n","protected":false},"author":1,"featured_media":0,"comment_status":"open","ping_status":"open","sticky":false,"template":"","format":"standard","meta":{"site-sidebar-layout":"default","site-content-layout":"","ast-site-content-layout":"","site-content-style":"default","site-sidebar-style":"default","ast-global-header-display":"","ast-banner-title-visibility":"","ast-main-header-display":"","ast-hfb-above-header-display":"","ast-hfb-below-header-display":"","ast-hfb-mobile-header-display":"","site-post-title":"","ast-breadcrumbs-content":"","ast-featured-img":"","footer-sml-layout":"","theme-transparent-header-meta":"","adv-header-id-meta":"","stick-header-meta":"","header-above-stick-meta":"","header-main-stick-meta":"","header-below-stick-meta":"","astra-migrate-meta-layouts":"default","ast-page-background-enabled":"default","ast-page-background-meta":{"desktop":{"background-color":"var(--ast-global-color-4)","background-image":"","background-repeat":"repeat","background-position":"center center","background-size":"auto","background-attachment":"scroll","background-type":"","background-media":"","overlay-type":"","overlay-color":"","overlay-gradient":""},"tablet":{"background-color":"","background-image":"","background-repeat":"repeat","background-position":"center center","background-size":"auto","background-attachment":"scroll","background-type":"","background-media":"","overlay-type":"","overlay-color":"","overlay-gradient":""},"mobile":{"background-color":"","background-image":"","background-repeat":"repeat","background-position":"center center","background-size":"auto","background-attachment":"scroll","background-type":"","background-media":"","overlay-type":"","overlay-color":"","overlay-gradient":""}},"ast-content-background-meta":{"desktop":{"background-color":"var(--ast-global-color-5)","background-image":"","background-repeat":"repeat","background-position":"center center","background-size":"auto","background-attachment":"scroll","background-type":"","background-media":"","overlay-type":"","overlay-color":"","overlay-gradient":""},"tablet":{"background-color":"var(--ast-global-color-5)","background-image":"","background-repeat":"repeat","background-position":"center center","background-size":"auto","background-attachment":"scroll","background-type":"","background-media":"","overlay-type":"","overlay-color":"","overlay-gradient":""},"mobile":{"background-color":"var(--ast-global-color-5)","background-image":"","background-repeat":"repeat","background-position":"center center","background-size":"auto","background-attachment":"scroll","background-type":"","background-media":"","overlay-type":"","overlay-color":"","overlay-gradient":""}},"footnotes":""},"categories":[18550,838,19869,7374,7373,6408],"tags":[53419,40797,27105,107415,107416,40794],"class_list":["post-42864","post","type-post","status-publish","format-standard","hentry","category-carlos-iii-de-madrid","category-ciencia-politica","category-derechos-humanos","category-sistemas-politicos","category-sistemas-politicos-del-area-americana","category-sociologia-politica","tag-angel-llamas-cascon","tag-anon-roig-maria-jose","tag-carlos-thiebaut-luis-andre","tag-fajardo-sanchez-luis-alfonso","tag-joaquim-herrera-flores","tag-lucas-martin-f-javierde"],"_links":{"self":[{"href":"https:\/\/www.deberes.net\/tesis\/wp-json\/wp\/v2\/posts\/42864","targetHints":{"allow":["GET"]}}],"collection":[{"href":"https:\/\/www.deberes.net\/tesis\/wp-json\/wp\/v2\/posts"}],"about":[{"href":"https:\/\/www.deberes.net\/tesis\/wp-json\/wp\/v2\/types\/post"}],"author":[{"embeddable":true,"href":"https:\/\/www.deberes.net\/tesis\/wp-json\/wp\/v2\/users\/1"}],"replies":[{"embeddable":true,"href":"https:\/\/www.deberes.net\/tesis\/wp-json\/wp\/v2\/comments?post=42864"}],"version-history":[{"count":0,"href":"https:\/\/www.deberes.net\/tesis\/wp-json\/wp\/v2\/posts\/42864\/revisions"}],"wp:attachment":[{"href":"https:\/\/www.deberes.net\/tesis\/wp-json\/wp\/v2\/media?parent=42864"}],"wp:term":[{"taxonomy":"category","embeddable":true,"href":"https:\/\/www.deberes.net\/tesis\/wp-json\/wp\/v2\/categories?post=42864"},{"taxonomy":"post_tag","embeddable":true,"href":"https:\/\/www.deberes.net\/tesis\/wp-json\/wp\/v2\/tags?post=42864"}],"curies":[{"name":"wp","href":"https:\/\/api.w.org\/{rel}","templated":true}]}}