{"id":42867,"date":"2018-03-09T09:44:59","date_gmt":"2018-03-09T09:44:59","guid":{"rendered":"https:\/\/www.deberes.net\/tesis\/sin-categoria\/educacion-medica-e-ideologa%c2%ada-profesional\/"},"modified":"2018-03-09T09:44:59","modified_gmt":"2018-03-09T09:44:59","slug":"educacion-medica-e-ideologa%c2%ada-profesional","status":"publish","type":"post","link":"https:\/\/www.deberes.net\/tesis\/sociologia\/educacion-medica-e-ideologa%c2%ada-profesional\/","title":{"rendered":"Educaci\u00f3n m\u00e9dica e ideolog\u00eda profesional"},"content":{"rendered":"<h2>Tesis doctoral de <strong>  Jarillo Soto Edgar Carlos <\/strong><\/h2>\n<p>Se aborda la relaci\u00f3n entre la formaci\u00f3n universitaria de la profesi\u00f3n m\u00e9dica y algunos procesos que la ideolog\u00eda profesional presenta en el entorno social de la profesi\u00f3n. Se presentan las bases conceptuales desde la sociolog\u00eda de las profesiones, la teor\u00eda del conocimiento, los servicios y sistemas de salud y algunos procesos educativos. Se construye la noci\u00f3n de ideolog\u00eda profesional y el modo como los estudiantes de medicina la adquieren, expresa, conciben e interpretan. Se presentan como datos emp\u00edricos sobre el conocimiento t\u00e9cnico de la profesi\u00f3n, las espectativas profesionales, s\u00edmbolos caracter\u00edsticos de la profesi\u00f3n. Se analizan algunas influencias sociales y familiares que modelan las aspiraciones de pr\u00e1ctica y desarrollo profesional de los estudiantes. Las conclusiones son: que las ideolog\u00edas profesionales son, m\u00e1s amplias de c\u00f3mo las ha considerado la sociolog\u00eda de las profesiones. la educaci\u00f3n medica tiene la particularidad de recibir formaci\u00f3n en servicio. el conocimiento profesional es influido tanto por la teor\u00eda como por la pr\u00e1ctica cl\u00ednica de la profesi\u00f3n.<\/p>\n<p>&nbsp;<\/p>\n<h3>Datos acad\u00e9micos de la tesis doctoral \u00ab<strong>Educaci\u00f3n m\u00e9dica e ideolog\u00eda profesional<\/strong>\u00ab<\/h3>\n<ul>\n<li><strong>T\u00edtulo de la tesis:<\/strong>\u00a0 Educaci\u00f3n m\u00e9dica e ideolog\u00eda profesional <\/li>\n<li><strong>Autor:<\/strong>\u00a0  Jarillo Soto Edgar Carlos <\/li>\n<li><strong>Universidad:<\/strong>\u00a0 Barcelona<\/li>\n<li><strong>Fecha de lectura de la tesis:<\/strong>\u00a0 23\/04\/1999<\/li>\n<\/ul>\n<p>&nbsp;<\/p>\n<h3>Direcci\u00f3n y tribunal<\/h3>\n<ul>\n<li><strong>Director de la tesis<\/strong>\n<ul>\n<li> Rodr\u00edguez D\u00edaz Josep A.<\/li>\n<\/ul>\n<\/li>\n<li><strong>Tribunal<\/strong>\n<ul>\n<li>Presidente del tribunal: albert Oril bosch <\/li>\n<li>benjamin Oltra martin de los santos (vocal)<\/li>\n<li> De Miguel rodr\u00edguez Jes\u00fas m. (vocal)<\/li>\n<li>josep Mar\u00eda Comelles esteban (vocal)<\/li>\n<\/ul>\n<\/li>\n<\/ul>\n<p>&nbsp;<\/p>\n","protected":false},"excerpt":{"rendered":"<p>Tesis doctoral de Jarillo Soto Edgar Carlos Se aborda la relaci\u00f3n entre la formaci\u00f3n universitaria de la profesi\u00f3n m\u00e9dica y [&hellip;]<\/p>\n","protected":false},"author":1,"featured_media":0,"comment_status":"open","ping_status":"open","sticky":false,"template":"","format":"standard","meta":{"site-sidebar-layout":"default","site-content-layout":"","ast-site-content-layout":"","site-content-style":"default","site-sidebar-style":"default","ast-global-header-display":"","ast-banner-title-visibility":"","ast-main-header-display":"","ast-hfb-above-header-display":"","ast-hfb-below-header-display":"","ast-hfb-mobile-header-display":"","site-post-title":"","ast-breadcrumbs-content":"","ast-featured-img":"","footer-sml-layout":"","theme-transparent-header-meta":"","adv-header-id-meta":"","stick-header-meta":"","header-above-stick-meta":"","header-main-stick-meta":"","header-below-stick-meta":"","astra-migrate-meta-layouts":"default","ast-page-background-enabled":"default","ast-page-background-meta":{"desktop":{"background-color":"var(--ast-global-color-4)","background-image":"","background-repeat":"repeat","background-position":"center center","background-size":"auto","background-attachment":"scroll","background-type":"","background-media":"","overlay-type":"","overlay-color":"","overlay-gradient":""},"tablet":{"background-color":"","background-image":"","background-repeat":"repeat","background-position":"center center","background-size":"auto","background-attachment":"scroll","background-type":"","background-media":"","overlay-type":"","overlay-color":"","overlay-gradient":""},"mobile":{"background-color":"","background-image":"","background-repeat":"repeat","background-position":"center center","background-size":"auto","background-attachment":"scroll","background-type":"","background-media":"","overlay-type":"","overlay-color":"","overlay-gradient":""}},"ast-content-background-meta":{"desktop":{"background-color":"var(--ast-global-color-5)","background-image":"","background-repeat":"repeat","background-position":"center center","background-size":"auto","background-attachment":"scroll","background-type":"","background-media":"","overlay-type":"","overlay-color":"","overlay-gradient":""},"tablet":{"background-color":"var(--ast-global-color-5)","background-image":"","background-repeat":"repeat","background-position":"center center","background-size":"auto","background-attachment":"scroll","background-type":"","background-media":"","overlay-type":"","overlay-color":"","overlay-gradient":""},"mobile":{"background-color":"var(--ast-global-color-5)","background-image":"","background-repeat":"repeat","background-position":"center center","background-size":"auto","background-attachment":"scroll","background-type":"","background-media":"","overlay-type":"","overlay-color":"","overlay-gradient":""}},"footnotes":""},"categories":[951,269,1496,10226,22043],"tags":[107423,19373,22047,107422,29162,33739],"class_list":["post-42867","post","type-post","status-publish","format-standard","hentry","category-barcelona","category-sociologia","category-sociologia-del-trabajo","category-sociologia-educativa","category-sociologia-medica","tag-albert-oril-bosch","tag-benjamin-oltra-martin-de-los-santos","tag-de-miguel-rodriguez-jesus-m","tag-jarillo-soto-edgar-carlos","tag-josep-maria-comelles-esteban","tag-rodriguez-diaz-josep-a"],"_links":{"self":[{"href":"https:\/\/www.deberes.net\/tesis\/wp-json\/wp\/v2\/posts\/42867","targetHints":{"allow":["GET"]}}],"collection":[{"href":"https:\/\/www.deberes.net\/tesis\/wp-json\/wp\/v2\/posts"}],"about":[{"href":"https:\/\/www.deberes.net\/tesis\/wp-json\/wp\/v2\/types\/post"}],"author":[{"embeddable":true,"href":"https:\/\/www.deberes.net\/tesis\/wp-json\/wp\/v2\/users\/1"}],"replies":[{"embeddable":true,"href":"https:\/\/www.deberes.net\/tesis\/wp-json\/wp\/v2\/comments?post=42867"}],"version-history":[{"count":0,"href":"https:\/\/www.deberes.net\/tesis\/wp-json\/wp\/v2\/posts\/42867\/revisions"}],"wp:attachment":[{"href":"https:\/\/www.deberes.net\/tesis\/wp-json\/wp\/v2\/media?parent=42867"}],"wp:term":[{"taxonomy":"category","embeddable":true,"href":"https:\/\/www.deberes.net\/tesis\/wp-json\/wp\/v2\/categories?post=42867"},{"taxonomy":"post_tag","embeddable":true,"href":"https:\/\/www.deberes.net\/tesis\/wp-json\/wp\/v2\/tags?post=42867"}],"curies":[{"name":"wp","href":"https:\/\/api.w.org\/{rel}","templated":true}]}}