{"id":42896,"date":"1999-03-05T00:00:00","date_gmt":"1999-03-05T00:00:00","guid":{"rendered":"https:\/\/www.deberes.net\/tesis\/sin-categoria\/la-nocion-de-continuidad-desde-la-optica-de-los-niveles-de-van-hiele\/"},"modified":"1999-03-05T00:00:00","modified_gmt":"1999-03-05T00:00:00","slug":"la-nocion-de-continuidad-desde-la-optica-de-los-niveles-de-van-hiele","status":"publish","type":"post","link":"https:\/\/www.deberes.net\/tesis\/logica\/la-nocion-de-continuidad-desde-la-optica-de-los-niveles-de-van-hiele\/","title":{"rendered":"La nocion de continuidad desde la optica de los niveles de van hiele."},"content":{"rendered":"<h2>Tesis doctoral de <strong> Pedro Campillo Herrero <\/strong><\/h2>\n<p>Se estudia el concepto de continuidad local dentro del marco de los niveles de van hiele, abordando la busqueda de los descriptores de estos niveles mediante la experimentaci\u00f3n a trav\u00e9s de una entrevista socr\u00e1tica corroborando este estudio con una segunda prueba experimental mediante una prueba escrita y el tratamiento estadistico, culminando con una nueva propuesta metodologica basada en la visualizaci\u00f3n para la introducci\u00f3n del concepto de continuidad local en niveles elementales.<\/p>\n<p>&nbsp;<\/p>\n<h3>Datos acad\u00e9micos de la tesis doctoral \u00ab<strong>La nocion de continuidad desde la optica de los niveles de van hiele.<\/strong>\u00ab<\/h3>\n<ul>\n<li><strong>T\u00edtulo de la tesis:<\/strong>\u00a0 La nocion de continuidad desde la optica de los niveles de van hiele. <\/li>\n<li><strong>Autor:<\/strong>\u00a0 Pedro Campillo Herrero <\/li>\n<li><strong>Universidad:<\/strong>\u00a0 Polit\u00e9cnica de Valencia<\/li>\n<li><strong>Fecha de lectura de la tesis:<\/strong>\u00a0 03\/05\/1999<\/li>\n<\/ul>\n<p>&nbsp;<\/p>\n<h3>Direcci\u00f3n y tribunal<\/h3>\n<ul>\n<li><strong>Director de la tesis<\/strong>\n<ul>\n<li>Pedro P\u00e9rez Carreras<\/li>\n<\/ul>\n<\/li>\n<li><strong>Tribunal<\/strong>\n<ul>\n<li>Presidente del tribunal: mario Bilbao arrese <\/li>\n<li>celestino Montes contreras (vocal)<\/li>\n<li>Rafael Perez gomez (vocal)<\/li>\n<li>pedro Jos\u00e9 Fernandez de cordoba castella (vocal)<\/li>\n<\/ul>\n<\/li>\n<\/ul>\n<p>&nbsp;<\/p>\n","protected":false},"excerpt":{"rendered":"<p>Tesis doctoral de Pedro Campillo Herrero Se estudia el concepto de continuidad local dentro del marco de los niveles de [&hellip;]<\/p>\n","protected":false},"author":1,"featured_media":0,"comment_status":"open","ping_status":"open","sticky":false,"template":"","format":"standard","meta":{"site-sidebar-layout":"default","site-content-layout":"","ast-site-content-layout":"","site-content-style":"default","site-sidebar-style":"default","ast-global-header-display":"","ast-banner-title-visibility":"","ast-main-header-display":"","ast-hfb-above-header-display":"","ast-hfb-below-header-display":"","ast-hfb-mobile-header-display":"","site-post-title":"","ast-breadcrumbs-content":"","ast-featured-img":"","footer-sml-layout":"","theme-transparent-header-meta":"","adv-header-id-meta":"","stick-header-meta":"","header-above-stick-meta":"","header-main-stick-meta":"","header-below-stick-meta":"","astra-migrate-meta-layouts":"default","ast-page-background-enabled":"default","ast-page-background-meta":{"desktop":{"background-color":"var(--ast-global-color-4)","background-image":"","background-repeat":"repeat","background-position":"center center","background-size":"auto","background-attachment":"scroll","background-type":"","background-media":"","overlay-type":"","overlay-color":"","overlay-gradient":""},"tablet":{"background-color":"","background-image":"","background-repeat":"repeat","background-position":"center center","background-size":"auto","background-attachment":"scroll","background-type":"","background-media":"","overlay-type":"","overlay-color":"","overlay-gradient":""},"mobile":{"background-color":"","background-image":"","background-repeat":"repeat","background-position":"center center","background-size":"auto","background-attachment":"scroll","background-type":"","background-media":"","overlay-type":"","overlay-color":"","overlay-gradient":""}},"ast-content-background-meta":{"desktop":{"background-color":"var(--ast-global-color-5)","background-image":"","background-repeat":"repeat","background-position":"center center","background-size":"auto","background-attachment":"scroll","background-type":"","background-media":"","overlay-type":"","overlay-color":"","overlay-gradient":""},"tablet":{"background-color":"var(--ast-global-color-5)","background-image":"","background-repeat":"repeat","background-position":"center center","background-size":"auto","background-attachment":"scroll","background-type":"","background-media":"","overlay-type":"","overlay-color":"","overlay-gradient":""},"mobile":{"background-color":"var(--ast-global-color-5)","background-image":"","background-repeat":"repeat","background-position":"center center","background-size":"auto","background-attachment":"scroll","background-type":"","background-media":"","overlay-type":"","overlay-color":"","overlay-gradient":""}},"footnotes":""},"categories":[3747,31309,19156,16820],"tags":[31312,88951,107478,78276,11163,3562],"class_list":["post-42896","post","type-post","status-publish","format-standard","hentry","category-logica","category-metodo-cientifico","category-metodologia","category-politecnica-de-valencia","tag-celestino-montes-contreras","tag-mario-bilbao-arrese","tag-pedro-campillo-herrero","tag-pedro-jose-fernandez-de-cordoba-castella","tag-pedro-perez-carreras","tag-rafael-perez-gomez"],"_links":{"self":[{"href":"https:\/\/www.deberes.net\/tesis\/wp-json\/wp\/v2\/posts\/42896","targetHints":{"allow":["GET"]}}],"collection":[{"href":"https:\/\/www.deberes.net\/tesis\/wp-json\/wp\/v2\/posts"}],"about":[{"href":"https:\/\/www.deberes.net\/tesis\/wp-json\/wp\/v2\/types\/post"}],"author":[{"embeddable":true,"href":"https:\/\/www.deberes.net\/tesis\/wp-json\/wp\/v2\/users\/1"}],"replies":[{"embeddable":true,"href":"https:\/\/www.deberes.net\/tesis\/wp-json\/wp\/v2\/comments?post=42896"}],"version-history":[{"count":0,"href":"https:\/\/www.deberes.net\/tesis\/wp-json\/wp\/v2\/posts\/42896\/revisions"}],"wp:attachment":[{"href":"https:\/\/www.deberes.net\/tesis\/wp-json\/wp\/v2\/media?parent=42896"}],"wp:term":[{"taxonomy":"category","embeddable":true,"href":"https:\/\/www.deberes.net\/tesis\/wp-json\/wp\/v2\/categories?post=42896"},{"taxonomy":"post_tag","embeddable":true,"href":"https:\/\/www.deberes.net\/tesis\/wp-json\/wp\/v2\/tags?post=42896"}],"curies":[{"name":"wp","href":"https:\/\/api.w.org\/{rel}","templated":true}]}}