{"id":42935,"date":"2018-03-09T09:45:06","date_gmt":"2018-03-09T09:45:06","guid":{"rendered":"https:\/\/www.deberes.net\/tesis\/sin-categoria\/la-teoria-del-verso-desde-el-punto-de-vista-linga%c2%bcistico-el-sistema-de-versificacion-del-cantar-de-mio-cid\/"},"modified":"2018-03-09T09:45:06","modified_gmt":"2018-03-09T09:45:06","slug":"la-teoria-del-verso-desde-el-punto-de-vista-linga%c2%bcistico-el-sistema-de-versificacion-del-cantar-de-mio-cid","status":"publish","type":"post","link":"https:\/\/www.deberes.net\/tesis\/linguistica\/la-teoria-del-verso-desde-el-punto-de-vista-linga%c2%bcistico-el-sistema-de-versificacion-del-cantar-de-mio-cid\/","title":{"rendered":"La teor\u00eda del verso desde el punto de vista linguistico: el sistema de versificaci\u00f3n del cantar de mio cid."},"content":{"rendered":"<h2>Tesis doctoral de <strong>  Bayo Julve Juan  Carlos <\/strong><\/h2>\n<p>Desde que en 1779 tom\u00e1s antonio s\u00e1nchez diera a imprenta por primera vez el cantar de mio cid, conservado en un c\u00f3dice \u00fanico procedente de vivar, su sistema de versificaci\u00f3n ha constituido un enigma.  la monumental edici\u00f3n de men\u00e9ndez pidal (1908-11) inclu\u00eda un estudio sobre la versificacion que establec\u00eda el anisosilabismo original del poema y propon\u00eda un conjunto de criterios para la enmienda de la asonancia que le permiti\u00f3 introducir en su reconstrucci\u00f3n 242 correcciones. Algunos hispanista, sin embargo, han expuesto objeciones de peso: por una parte, los indicios de error en la asonancia son a menudo inconsistentes. En realidad, las lecciones del manuscrito presuntamente estragadas son a menudo superiores a las enmiendas que se han propuesto para sustituirlas: la \u00fanica v\u00eda para explicar la versificaci\u00f3n del poema pasa por aceptar que el texto conservado es b\u00e1sicamente correcto.  el verso del mio cid est\u00e1 formado por dos hemistiquios separados por una cesura derivada de su bimembraci\u00f3n en constituyentes pros\u00f3dicos. Existe una correspondencia estricta entre pausas m\u00e9tricas y pros\u00f3dicas que excluye el encabalgamiento, algunos presuntos ejemplos de \u00e9ste se explican con un nuevo concepto m\u00e1s adecuado, el de acoplamiento. El verso cidiano contiene un n\u00famero variable de s\u00edlabas t\u00f3nicas y muestra una tendencia dominante a su distribuci\u00f3n equilibrada entre ambos hemistiquios o, en caso de asimetr\u00eda, a la preponderancia del \u00faltimo. El an\u00e1lisis de la rima comienza por establecer un sistema de doce combinaciones b\u00e1sicas. La hip\u00f3tesis de que las asonancias imperfectas del texto conservado sonel producto de innovaciones introducidas por los copistas carece de fundamento y se aducen argumentos que llevan a destacar las reconstrucciones propuestas. Adem\u00e1s, se aborda el problema de la e parag\u00f3gica, cuya presencia en el texto primitivo del mio cid no deja de ser probable. El an\u00e1lisis de la articulaci\u00f3n entre los dis<\/p>\n<p>&nbsp;<\/p>\n<h3>Datos acad\u00e9micos de la tesis doctoral \u00ab<strong>La teor\u00eda del verso desde el punto de vista linguistico: el sistema de versificaci\u00f3n del cantar de mio cid.<\/strong>\u00ab<\/h3>\n<ul>\n<li><strong>T\u00edtulo de la tesis:<\/strong>\u00a0 La teor\u00eda del verso desde el punto de vista linguistico: el sistema de versificaci\u00f3n del cantar de mio cid. <\/li>\n<li><strong>Autor:<\/strong>\u00a0  Bayo Julve Juan  Carlos <\/li>\n<li><strong>Universidad:<\/strong>\u00a0 Barcelona<\/li>\n<li><strong>Fecha de lectura de la tesis:<\/strong>\u00a0 14\/05\/1999<\/li>\n<\/ul>\n<p>&nbsp;<\/p>\n<h3>Direcci\u00f3n y tribunal<\/h3>\n<ul>\n<li><strong>Director de la tesis<\/strong>\n<ul>\n<li>Marta Balcells Marce<\/li>\n<\/ul>\n<\/li>\n<li><strong>Tribunal<\/strong>\n<ul>\n<li>Presidente del tribunal: ian Michael <\/li>\n<li>ricard Sanvicente urondo (vocal)<\/li>\n<li> La carra lanz eukene (vocal)<\/li>\n<li>jan\u00e9 Marta Fern\u00e1ndez villanueva (vocal)<\/li>\n<\/ul>\n<\/li>\n<\/ul>\n<p>&nbsp;<\/p>\n","protected":false},"excerpt":{"rendered":"<p>Tesis doctoral de Bayo Julve Juan Carlos Desde que en 1779 tom\u00e1s antonio s\u00e1nchez diera a imprenta por primera vez [&hellip;]<\/p>\n","protected":false},"author":1,"featured_media":0,"comment_status":"open","ping_status":"open","sticky":false,"template":"","format":"standard","meta":{"site-sidebar-layout":"default","site-content-layout":"","ast-site-content-layout":"","site-content-style":"default","site-sidebar-style":"default","ast-global-header-display":"","ast-banner-title-visibility":"","ast-main-header-display":"","ast-hfb-above-header-display":"","ast-hfb-below-header-display":"","ast-hfb-mobile-header-display":"","site-post-title":"","ast-breadcrumbs-content":"","ast-featured-img":"","footer-sml-layout":"","theme-transparent-header-meta":"","adv-header-id-meta":"","stick-header-meta":"","header-above-stick-meta":"","header-main-stick-meta":"","header-below-stick-meta":"","astra-migrate-meta-layouts":"default","ast-page-background-enabled":"default","ast-page-background-meta":{"desktop":{"background-color":"var(--ast-global-color-4)","background-image":"","background-repeat":"repeat","background-position":"center center","background-size":"auto","background-attachment":"scroll","background-type":"","background-media":"","overlay-type":"","overlay-color":"","overlay-gradient":""},"tablet":{"background-color":"","background-image":"","background-repeat":"repeat","background-position":"center center","background-size":"auto","background-attachment":"scroll","background-type":"","background-media":"","overlay-type":"","overlay-color":"","overlay-gradient":""},"mobile":{"background-color":"","background-image":"","background-repeat":"repeat","background-position":"center center","background-size":"auto","background-attachment":"scroll","background-type":"","background-media":"","overlay-type":"","overlay-color":"","overlay-gradient":""}},"ast-content-background-meta":{"desktop":{"background-color":"var(--ast-global-color-5)","background-image":"","background-repeat":"repeat","background-position":"center center","background-size":"auto","background-attachment":"scroll","background-type":"","background-media":"","overlay-type":"","overlay-color":"","overlay-gradient":""},"tablet":{"background-color":"var(--ast-global-color-5)","background-image":"","background-repeat":"repeat","background-position":"center center","background-size":"auto","background-attachment":"scroll","background-type":"","background-media":"","overlay-type":"","overlay-color":"","overlay-gradient":""},"mobile":{"background-color":"var(--ast-global-color-5)","background-image":"","background-repeat":"repeat","background-position":"center center","background-size":"auto","background-attachment":"scroll","background-type":"","background-media":"","overlay-type":"","overlay-color":"","overlay-gradient":""}},"footnotes":""},"categories":[148,951,147,149,2965,636,59,60,628],"tags":[107537,107538,33816,107540,99252,107539],"class_list":["post-42935","post","type-post","status-publish","format-standard","hentry","category-analisis-literario","category-barcelona","category-ciencias-de-las-artes-y-las-letras","category-critica-de-textos","category-estilo-y-estetica-literarios","category-lengua-y-literatura","category-linguistica","category-linguistica-aplicada","category-teoria-analisis-y-critica-literarios","tag-bayo-julve-juan-carlos","tag-ian-michael","tag-jane-marta-fernandez-villanueva","tag-la-carra-lanz-eukene","tag-marta-balcells-marce","tag-ricard-sanvicente-urondo"],"_links":{"self":[{"href":"https:\/\/www.deberes.net\/tesis\/wp-json\/wp\/v2\/posts\/42935","targetHints":{"allow":["GET"]}}],"collection":[{"href":"https:\/\/www.deberes.net\/tesis\/wp-json\/wp\/v2\/posts"}],"about":[{"href":"https:\/\/www.deberes.net\/tesis\/wp-json\/wp\/v2\/types\/post"}],"author":[{"embeddable":true,"href":"https:\/\/www.deberes.net\/tesis\/wp-json\/wp\/v2\/users\/1"}],"replies":[{"embeddable":true,"href":"https:\/\/www.deberes.net\/tesis\/wp-json\/wp\/v2\/comments?post=42935"}],"version-history":[{"count":0,"href":"https:\/\/www.deberes.net\/tesis\/wp-json\/wp\/v2\/posts\/42935\/revisions"}],"wp:attachment":[{"href":"https:\/\/www.deberes.net\/tesis\/wp-json\/wp\/v2\/media?parent=42935"}],"wp:term":[{"taxonomy":"category","embeddable":true,"href":"https:\/\/www.deberes.net\/tesis\/wp-json\/wp\/v2\/categories?post=42935"},{"taxonomy":"post_tag","embeddable":true,"href":"https:\/\/www.deberes.net\/tesis\/wp-json\/wp\/v2\/tags?post=42935"}],"curies":[{"name":"wp","href":"https:\/\/api.w.org\/{rel}","templated":true}]}}