{"id":42936,"date":"2018-03-09T09:45:06","date_gmt":"2018-03-09T09:45:06","guid":{"rendered":"https:\/\/www.deberes.net\/tesis\/sin-categoria\/estudio-sobre-la-relacion-entre-lateralidad-morfologica-y-la-lateralidad-funcional-en-la-ejecucion-de-habilidades-especa%c2%adficas-de-judo\/"},"modified":"2018-03-09T09:45:06","modified_gmt":"2018-03-09T09:45:06","slug":"estudio-sobre-la-relacion-entre-lateralidad-morfologica-y-la-lateralidad-funcional-en-la-ejecucion-de-habilidades-especa%c2%adficas-de-judo","status":"publish","type":"post","link":"https:\/\/www.deberes.net\/tesis\/formacion-y-empleo-de-profesores\/estudio-sobre-la-relacion-entre-lateralidad-morfologica-y-la-lateralidad-funcional-en-la-ejecucion-de-habilidades-especa%c2%adficas-de-judo\/","title":{"rendered":"Estudio sobre la relaci\u00f3n entre lateralidad morfol\u00f3gica y la lateralidad funcional en la ejecuci\u00f3n de habilidades espec\u00edficas de judo"},"content":{"rendered":"<h2>Tesis doctoral de <strong> Jorge Dopico Calvo <\/strong><\/h2>\n<p>El principal objetivo de este trabajo se centr\u00f3 en la determinaci\u00f3n de la relaci\u00f3n de dependencia entre la preferencia lateral de ejecucci\u00f3n en diferentes habilidades deportivas espec\u00edficas (en nuestro caso de judo) y la lateralidad morfol\u00f3gica evidenciada en pruebas generales de lateralidad.  se tom\u00f3 como poblaci\u00f3n de referencia el universo de judocas, centrando la muestra de deportistas (hombres y mujeres) integrantes de las diferentes selecciones de judo (juvenil, junios y senior) pertenecientes a la comunidad aut\u00f3noma de galicia, durante la temporada 1997-98 (n=64).  el an\u00e1lisis referido a la lateralidad morfol\u00f3gica evidenci\u00f3 que las distribuciones referidas a la preferencia manual y podal, no presentaron diferencias significativas respecto a lo encontrado en la bibliograf\u00eda para otros grupos, y en el referido a al axial o de giro, concluimos que el giro m\u00e1s habitual fue el de diestro, aunque la proporci\u00f3n fue menor que respecto a las extremidades.  en relaci\u00f3n a la lateralidad funcional, los resultados revelaron que la inmensa mayor\u00eda de los judocas manifestaron predominancia de utilizaci\u00f3n diestra en la ejecuci\u00f3n de habilidades espec\u00edficas, tanto en las que implicaron giro como sin giro. No obstante, de estas, las que presentaron ubicaci\u00f3n de la pierna de apoyo en el espacio contralateral (scll), fueron utilizadas mayoritariamente como zurdos y sim\u00e9tricos.  respecto al an\u00e1lisis entre la lateralidad funcional y morfol\u00f3gica, los resultados evidenciaron escasas dependencia entre la ejecucci\u00f3n de este tipo habilidades y la lateralidad manual, podal y de giro, por lo que debe ser pensado en el car\u00e1cter aprendido del repertorio motriz y, por tanto, de la posible manipulaci\u00f3n del que puede ser objeto en funci\u00f3n del inter\u00e9s que en determinados deportes presentan una lateralidad de ejecucci\u00f3n concreta, principalmente como zurdo.  palabras clave: judo, dominancia lateral, habilidades deportivas, lateralidad.<\/p>\n<p>&nbsp;<\/p>\n<h3>Datos acad\u00e9micos de la tesis doctoral \u00ab<strong>Estudio sobre la relaci\u00f3n entre lateralidad morfol\u00f3gica y la lateralidad funcional en la ejecuci\u00f3n de habilidades espec\u00edficas de judo<\/strong>\u00ab<\/h3>\n<ul>\n<li><strong>T\u00edtulo de la tesis:<\/strong>\u00a0 Estudio sobre la relaci\u00f3n entre lateralidad morfol\u00f3gica y la lateralidad funcional en la ejecuci\u00f3n de habilidades espec\u00edficas de judo <\/li>\n<li><strong>Autor:<\/strong>\u00a0 Jorge Dopico Calvo <\/li>\n<li><strong>Universidad:<\/strong>\u00a0 A coru\u00f1a<\/li>\n<li><strong>Fecha de lectura de la tesis:<\/strong>\u00a0 15\/05\/1999<\/li>\n<\/ul>\n<p>&nbsp;<\/p>\n<h3>Direcci\u00f3n y tribunal<\/h3>\n<ul>\n<li><strong>Director de la tesis<\/strong>\n<ul>\n<li>Fernando Amador Ramirez<\/li>\n<\/ul>\n<\/li>\n<li><strong>Tribunal<\/strong>\n<ul>\n<li>Presidente del tribunal: Jorge Teijeiro vidal <\/li>\n<li>paulino Padial puche (vocal)<\/li>\n<li>gonzalo Marrero rodr\u00edguez (vocal)<\/li>\n<li>gonzalo Cuadrado sainz (vocal)<\/li>\n<\/ul>\n<\/li>\n<\/ul>\n<p>&nbsp;<\/p>\n","protected":false},"excerpt":{"rendered":"<p>Tesis doctoral de Jorge Dopico Calvo El principal objetivo de este trabajo se centr\u00f3 en la determinaci\u00f3n de la relaci\u00f3n [&hellip;]<\/p>\n","protected":false},"author":1,"featured_media":0,"comment_status":"open","ping_status":"open","sticky":false,"template":"","format":"standard","meta":{"site-sidebar-layout":"default","site-content-layout":"","ast-site-content-layout":"","site-content-style":"default","site-sidebar-style":"default","ast-global-header-display":"","ast-banner-title-visibility":"","ast-main-header-display":"","ast-hfb-above-header-display":"","ast-hfb-below-header-display":"","ast-hfb-mobile-header-display":"","site-post-title":"","ast-breadcrumbs-content":"","ast-featured-img":"","footer-sml-layout":"","theme-transparent-header-meta":"","adv-header-id-meta":"","stick-header-meta":"","header-above-stick-meta":"","header-main-stick-meta":"","header-below-stick-meta":"","astra-migrate-meta-layouts":"default","ast-page-background-enabled":"default","ast-page-background-meta":{"desktop":{"background-color":"var(--ast-global-color-4)","background-image":"","background-repeat":"repeat","background-position":"center center","background-size":"auto","background-attachment":"scroll","background-type":"","background-media":"","overlay-type":"","overlay-color":"","overlay-gradient":""},"tablet":{"background-color":"","background-image":"","background-repeat":"repeat","background-position":"center center","background-size":"auto","background-attachment":"scroll","background-type":"","background-media":"","overlay-type":"","overlay-color":"","overlay-gradient":""},"mobile":{"background-color":"","background-image":"","background-repeat":"repeat","background-position":"center center","background-size":"auto","background-attachment":"scroll","background-type":"","background-media":"","overlay-type":"","overlay-color":"","overlay-gradient":""}},"ast-content-background-meta":{"desktop":{"background-color":"var(--ast-global-color-5)","background-image":"","background-repeat":"repeat","background-position":"center center","background-size":"auto","background-attachment":"scroll","background-type":"","background-media":"","overlay-type":"","overlay-color":"","overlay-gradient":""},"tablet":{"background-color":"var(--ast-global-color-5)","background-image":"","background-repeat":"repeat","background-position":"center center","background-size":"auto","background-attachment":"scroll","background-type":"","background-media":"","overlay-type":"","overlay-color":"","overlay-gradient":""},"mobile":{"background-color":"var(--ast-global-color-5)","background-image":"","background-repeat":"repeat","background-position":"center center","background-size":"auto","background-attachment":"scroll","background-type":"","background-media":"","overlay-type":"","overlay-color":"","overlay-gradient":""}},"footnotes":""},"categories":[18576,1140,1141],"tags":[31044,107541,26145,38547,1813,21806],"class_list":["post-42936","post","type-post","status-publish","format-standard","hentry","category-a-coruna","category-formacion-y-empleo-de-profesores","category-pedagogia","tag-fernando-amador-ramirez","tag-gonzalo-cuadrado-sainz","tag-gonzalo-marrero-rodriguez","tag-jorge-dopico-calvo","tag-jorge-teijeiro-vidal","tag-paulino-padial-puche"],"_links":{"self":[{"href":"https:\/\/www.deberes.net\/tesis\/wp-json\/wp\/v2\/posts\/42936","targetHints":{"allow":["GET"]}}],"collection":[{"href":"https:\/\/www.deberes.net\/tesis\/wp-json\/wp\/v2\/posts"}],"about":[{"href":"https:\/\/www.deberes.net\/tesis\/wp-json\/wp\/v2\/types\/post"}],"author":[{"embeddable":true,"href":"https:\/\/www.deberes.net\/tesis\/wp-json\/wp\/v2\/users\/1"}],"replies":[{"embeddable":true,"href":"https:\/\/www.deberes.net\/tesis\/wp-json\/wp\/v2\/comments?post=42936"}],"version-history":[{"count":0,"href":"https:\/\/www.deberes.net\/tesis\/wp-json\/wp\/v2\/posts\/42936\/revisions"}],"wp:attachment":[{"href":"https:\/\/www.deberes.net\/tesis\/wp-json\/wp\/v2\/media?parent=42936"}],"wp:term":[{"taxonomy":"category","embeddable":true,"href":"https:\/\/www.deberes.net\/tesis\/wp-json\/wp\/v2\/categories?post=42936"},{"taxonomy":"post_tag","embeddable":true,"href":"https:\/\/www.deberes.net\/tesis\/wp-json\/wp\/v2\/tags?post=42936"}],"curies":[{"name":"wp","href":"https:\/\/api.w.org\/{rel}","templated":true}]}}