{"id":42954,"date":"2018-03-09T09:45:08","date_gmt":"2018-03-09T09:45:08","guid":{"rendered":"https:\/\/www.deberes.net\/tesis\/sin-categoria\/transferencias-intergubernamentales-y-financiacion-municipal-en-galicia\/"},"modified":"2018-03-09T09:45:08","modified_gmt":"2018-03-09T09:45:08","slug":"transferencias-intergubernamentales-y-financiacion-municipal-en-galicia","status":"publish","type":"post","link":"https:\/\/www.deberes.net\/tesis\/ciencias-economicas\/transferencias-intergubernamentales-y-financiacion-municipal-en-galicia\/","title":{"rendered":"Transferencias intergubernamentales y financiaci\u00f3n municipal en galicia"},"content":{"rendered":"<h2>Tesis doctoral de <strong> Gustavo Rego Veiga <\/strong><\/h2>\n<p>La tesis se estructura en cinco cap\u00edtulos:  en el primero se realiza una s\u00edntesis de las principales aportaciones de la literatura econ\u00f3mica sobre las transferencias intergubernamentales. a continuaci\u00f3n se presentan las l\u00edneas b\u00e1sicas de los sistemas de transferencias vigentes en pa\u00edses del entorno econ\u00f3mico espa\u00f1ol.  en el cap\u00edtulo tercero se realiza un an\u00e1lisis de la pol\u00edtica de transferencias a los gobiernos locales en espa\u00f1a.  dos cap\u00edtulos cuarto y quinto constituyen el n\u00facleo central de la investigaci\u00f3n. en el primero de ellos se realiza un an\u00e1lisis en profundidad de las actuaciones presupuestarias b\u00e1sicas de la comunidad aut\u00f3noma gallega con repercusiones en los gastos de capital municipal. Se plantea un modelo econom\u00e9trico con el que se pretende averiguar la incidencia de diferentes variables en la asignaci\u00f3n especial las decisiones de gasto. La tesis finaliza con la propuesta de un programa de transferencias que vincule la solidaridad interteristorial a mejoras en el nivel de corresposabilidad municipal.<\/p>\n<p>&nbsp;<\/p>\n<h3>Datos acad\u00e9micos de la tesis doctoral \u00ab<strong>Transferencias intergubernamentales y financiaci\u00f3n municipal en galicia<\/strong>\u00ab<\/h3>\n<ul>\n<li><strong>T\u00edtulo de la tesis:<\/strong>\u00a0 Transferencias intergubernamentales y financiaci\u00f3n municipal en galicia <\/li>\n<li><strong>Autor:<\/strong>\u00a0 Gustavo Rego Veiga <\/li>\n<li><strong>Universidad:<\/strong>\u00a0 A coru\u00f1a<\/li>\n<li><strong>Fecha de lectura de la tesis:<\/strong>\u00a0 24\/05\/1999<\/li>\n<\/ul>\n<p>&nbsp;<\/p>\n<h3>Direcci\u00f3n y tribunal<\/h3>\n<ul>\n<li><strong>Director de la tesis<\/strong>\n<ul>\n<li>Joaquin \u00e1lvarez Corbacho<\/li>\n<\/ul>\n<\/li>\n<li><strong>Tribunal<\/strong>\n<ul>\n<li>Presidente del tribunal: julio Sequeiros tizon <\/li>\n<li>Luis Caran\u00e9s vieitez (vocal)<\/li>\n<li>Alberto Gago rodr\u00edguez (vocal)<\/li>\n<li>joaqu\u00edn Sol\u00e9 vilanova (vocal)<\/li>\n<\/ul>\n<\/li>\n<\/ul>\n<p>&nbsp;<\/p>\n","protected":false},"excerpt":{"rendered":"<p>Tesis doctoral de Gustavo Rego Veiga La tesis se estructura en cinco cap\u00edtulos: en el primero se realiza una s\u00edntesis [&hellip;]<\/p>\n","protected":false},"author":1,"featured_media":0,"comment_status":"open","ping_status":"open","sticky":false,"template":"","format":"standard","meta":{"site-sidebar-layout":"default","site-content-layout":"","ast-site-content-layout":"","site-content-style":"default","site-sidebar-style":"default","ast-global-header-display":"","ast-banner-title-visibility":"","ast-main-header-display":"","ast-hfb-above-header-display":"","ast-hfb-below-header-display":"","ast-hfb-mobile-header-display":"","site-post-title":"","ast-breadcrumbs-content":"","ast-featured-img":"","footer-sml-layout":"","theme-transparent-header-meta":"","adv-header-id-meta":"","stick-header-meta":"","header-above-stick-meta":"","header-main-stick-meta":"","header-below-stick-meta":"","astra-migrate-meta-layouts":"default","ast-page-background-enabled":"default","ast-page-background-meta":{"desktop":{"background-color":"var(--ast-global-color-4)","background-image":"","background-repeat":"repeat","background-position":"center center","background-size":"auto","background-attachment":"scroll","background-type":"","background-media":"","overlay-type":"","overlay-color":"","overlay-gradient":""},"tablet":{"background-color":"","background-image":"","background-repeat":"repeat","background-position":"center center","background-size":"auto","background-attachment":"scroll","background-type":"","background-media":"","overlay-type":"","overlay-color":"","overlay-gradient":""},"mobile":{"background-color":"","background-image":"","background-repeat":"repeat","background-position":"center center","background-size":"auto","background-attachment":"scroll","background-type":"","background-media":"","overlay-type":"","overlay-color":"","overlay-gradient":""}},"ast-content-background-meta":{"desktop":{"background-color":"var(--ast-global-color-5)","background-image":"","background-repeat":"repeat","background-position":"center center","background-size":"auto","background-attachment":"scroll","background-type":"","background-media":"","overlay-type":"","overlay-color":"","overlay-gradient":""},"tablet":{"background-color":"var(--ast-global-color-5)","background-image":"","background-repeat":"repeat","background-position":"center center","background-size":"auto","background-attachment":"scroll","background-type":"","background-media":"","overlay-type":"","overlay-color":"","overlay-gradient":""},"mobile":{"background-color":"var(--ast-global-color-5)","background-image":"","background-repeat":"repeat","background-position":"center center","background-size":"auto","background-attachment":"scroll","background-type":"","background-media":"","overlay-type":"","overlay-color":"","overlay-gradient":""}},"footnotes":""},"categories":[18576,82,6836,6838],"tags":[37074,107574,8781,33578,6353,107575],"class_list":["post-42954","post","type-post","status-publish","format-standard","hentry","category-a-coruna","category-ciencias-economicas","category-hacienda-publica-y-presupuestos","category-politica-fiscal-y-hacienda-publica-nacionales","tag-alberto-gago-rodriguez","tag-gustavo-rego-veiga","tag-joaquin-alvarez-corbacho","tag-joaquin-sole-vilanova","tag-julio-sequeiros-tizon","tag-luis-caranes-vieitez"],"_links":{"self":[{"href":"https:\/\/www.deberes.net\/tesis\/wp-json\/wp\/v2\/posts\/42954","targetHints":{"allow":["GET"]}}],"collection":[{"href":"https:\/\/www.deberes.net\/tesis\/wp-json\/wp\/v2\/posts"}],"about":[{"href":"https:\/\/www.deberes.net\/tesis\/wp-json\/wp\/v2\/types\/post"}],"author":[{"embeddable":true,"href":"https:\/\/www.deberes.net\/tesis\/wp-json\/wp\/v2\/users\/1"}],"replies":[{"embeddable":true,"href":"https:\/\/www.deberes.net\/tesis\/wp-json\/wp\/v2\/comments?post=42954"}],"version-history":[{"count":0,"href":"https:\/\/www.deberes.net\/tesis\/wp-json\/wp\/v2\/posts\/42954\/revisions"}],"wp:attachment":[{"href":"https:\/\/www.deberes.net\/tesis\/wp-json\/wp\/v2\/media?parent=42954"}],"wp:term":[{"taxonomy":"category","embeddable":true,"href":"https:\/\/www.deberes.net\/tesis\/wp-json\/wp\/v2\/categories?post=42954"},{"taxonomy":"post_tag","embeddable":true,"href":"https:\/\/www.deberes.net\/tesis\/wp-json\/wp\/v2\/tags?post=42954"}],"curies":[{"name":"wp","href":"https:\/\/api.w.org\/{rel}","templated":true}]}}