{"id":42955,"date":"2018-03-09T09:45:09","date_gmt":"2018-03-09T09:45:09","guid":{"rendered":"https:\/\/www.deberes.net\/tesis\/sin-categoria\/revision-taxonomica-del-genero-cuphea-lythraceae-en-el-paraguay\/"},"modified":"2018-03-09T09:45:09","modified_gmt":"2018-03-09T09:45:09","slug":"revision-taxonomica-del-genero-cuphea-lythraceae-en-el-paraguay","status":"publish","type":"post","link":"https:\/\/www.deberes.net\/tesis\/ciencias-de-la-vida\/revision-taxonomica-del-genero-cuphea-lythraceae-en-el-paraguay\/","title":{"rendered":"Revisi\u00f3n taxonomica del genero \u00abcuphea (lythraceae)\u00bb en el paraguay"},"content":{"rendered":"<h2>Tesis doctoral de <strong> Reinilda Dure Rodas <\/strong><\/h2>\n<p>En esta memoria se ofrece una revisi\u00f3n taxon\u00f3mica de las especies del g\u00e9nero cuphea (lytraceae) presentes en el paraguya. Como resultado, se reconocen para este territorio 28 especies, 2 subespecies y 3 variedades. para el estudio se han utilizado m\u00e1s de 800 pliegos de herbario, procedentes de pr\u00e9stamos de instituciones cient\u00edficas como de recolecciones propias. en el aspecto morfol\u00f3gico, se ha prestado especial atenci\u00f3n a la micromorfolog\u00eda de semillas e indumento, as\u00ed como a la estructura floral como fuente de caracteres discriminantes.  se revisa documentadamente la tipificaci\u00f3n del g\u00e9nero y las implicaciones taxon\u00f3micas de reconocer o no las dos tipificaciones previas. Se han tipificado un total de 38 t\u00e1xones, se proponen tres nuevas combinaciones y se aportan 13 nuevas iconograf\u00edas. Cabe destacar la propuesta de cuphea lourteigiae como nueva especie para la ciencia.  en el aspecto corol\u00f3gico, se presentan un mapa de distribuci\u00f3n para cada especie reconocida y se enmiendan numerosas citas para el territorio estudiado.<\/p>\n<p>&nbsp;<\/p>\n<h3>Datos acad\u00e9micos de la tesis doctoral \u00ab<strong>Revisi\u00f3n taxonomica del genero \u00abcuphea (lythraceae)\u00bb en el paraguay<\/strong>\u00ab<\/h3>\n<ul>\n<li><strong>T\u00edtulo de la tesis:<\/strong>\u00a0 Revisi\u00f3n taxonomica del genero \u00abcuphea (lythraceae)\u00bb en el paraguay <\/li>\n<li><strong>Autor:<\/strong>\u00a0 Reinilda Dure Rodas <\/li>\n<li><strong>Universidad:<\/strong>\u00a0 Barcelona<\/li>\n<li><strong>Fecha de lectura de la tesis:<\/strong>\u00a0 25\/05\/1999<\/li>\n<\/ul>\n<p>&nbsp;<\/p>\n<h3>Direcci\u00f3n y tribunal<\/h3>\n<ul>\n<li><strong>Director de la tesis<\/strong>\n<ul>\n<li>Juli\u00c1\u00a0n Molero Briones<\/li>\n<\/ul>\n<\/li>\n<li><strong>Tribunal<\/strong>\n<ul>\n<li>Presidente del tribunal:  Fern\u00e1ndez casas fco. javier <\/li>\n<li>c\u00e9sar Blanch\u00e9 verg\u00e9s (vocal)<\/li>\n<li>josep Montserrat mart\u00ed (vocal)<\/li>\n<li>alfonso Susanna de la serna (vocal)<\/li>\n<\/ul>\n<\/li>\n<\/ul>\n<p>&nbsp;<\/p>\n","protected":false},"excerpt":{"rendered":"<p>Tesis doctoral de Reinilda Dure Rodas En esta memoria se ofrece una revisi\u00f3n taxon\u00f3mica de las especies del g\u00e9nero cuphea [&hellip;]<\/p>\n","protected":false},"author":1,"featured_media":0,"comment_status":"open","ping_status":"open","sticky":false,"template":"","format":"standard","meta":{"site-sidebar-layout":"default","site-content-layout":"","ast-site-content-layout":"","site-content-style":"default","site-sidebar-style":"default","ast-global-header-display":"","ast-banner-title-visibility":"","ast-main-header-display":"","ast-hfb-above-header-display":"","ast-hfb-below-header-display":"","ast-hfb-mobile-header-display":"","site-post-title":"","ast-breadcrumbs-content":"","ast-featured-img":"","footer-sml-layout":"","theme-transparent-header-meta":"","adv-header-id-meta":"","stick-header-meta":"","header-above-stick-meta":"","header-main-stick-meta":"","header-below-stick-meta":"","astra-migrate-meta-layouts":"default","ast-page-background-enabled":"default","ast-page-background-meta":{"desktop":{"background-color":"var(--ast-global-color-4)","background-image":"","background-repeat":"repeat","background-position":"center center","background-size":"auto","background-attachment":"scroll","background-type":"","background-media":"","overlay-type":"","overlay-color":"","overlay-gradient":""},"tablet":{"background-color":"","background-image":"","background-repeat":"repeat","background-position":"center center","background-size":"auto","background-attachment":"scroll","background-type":"","background-media":"","overlay-type":"","overlay-color":"","overlay-gradient":""},"mobile":{"background-color":"","background-image":"","background-repeat":"repeat","background-position":"center center","background-size":"auto","background-attachment":"scroll","background-type":"","background-media":"","overlay-type":"","overlay-color":"","overlay-gradient":""}},"ast-content-background-meta":{"desktop":{"background-color":"var(--ast-global-color-5)","background-image":"","background-repeat":"repeat","background-position":"center center","background-size":"auto","background-attachment":"scroll","background-type":"","background-media":"","overlay-type":"","overlay-color":"","overlay-gradient":""},"tablet":{"background-color":"var(--ast-global-color-5)","background-image":"","background-repeat":"repeat","background-position":"center center","background-size":"auto","background-attachment":"scroll","background-type":"","background-media":"","overlay-type":"","overlay-color":"","overlay-gradient":""},"mobile":{"background-color":"var(--ast-global-color-5)","background-image":"","background-repeat":"repeat","background-position":"center center","background-size":"auto","background-attachment":"scroll","background-type":"","background-media":"","overlay-type":"","overlay-color":"","overlay-gradient":""}},"footnotes":""},"categories":[951,972,35,5240],"tags":[107580,72771,107578,107579,107577,107576],"class_list":["post-42955","post","type-post","status-publish","format-standard","hentry","category-barcelona","category-botanica","category-ciencias-de-la-vida","category-taxonomia-vegetal","tag-alfonso-susanna-de-la-serna","tag-cesar-blanche-verges","tag-fernandez-casas-fco-javier","tag-josep-montserrat-marti","tag-julia-n-molero-briones","tag-reinilda-dure-rodas"],"_links":{"self":[{"href":"https:\/\/www.deberes.net\/tesis\/wp-json\/wp\/v2\/posts\/42955","targetHints":{"allow":["GET"]}}],"collection":[{"href":"https:\/\/www.deberes.net\/tesis\/wp-json\/wp\/v2\/posts"}],"about":[{"href":"https:\/\/www.deberes.net\/tesis\/wp-json\/wp\/v2\/types\/post"}],"author":[{"embeddable":true,"href":"https:\/\/www.deberes.net\/tesis\/wp-json\/wp\/v2\/users\/1"}],"replies":[{"embeddable":true,"href":"https:\/\/www.deberes.net\/tesis\/wp-json\/wp\/v2\/comments?post=42955"}],"version-history":[{"count":0,"href":"https:\/\/www.deberes.net\/tesis\/wp-json\/wp\/v2\/posts\/42955\/revisions"}],"wp:attachment":[{"href":"https:\/\/www.deberes.net\/tesis\/wp-json\/wp\/v2\/media?parent=42955"}],"wp:term":[{"taxonomy":"category","embeddable":true,"href":"https:\/\/www.deberes.net\/tesis\/wp-json\/wp\/v2\/categories?post=42955"},{"taxonomy":"post_tag","embeddable":true,"href":"https:\/\/www.deberes.net\/tesis\/wp-json\/wp\/v2\/tags?post=42955"}],"curies":[{"name":"wp","href":"https:\/\/api.w.org\/{rel}","templated":true}]}}