{"id":42964,"date":"2018-03-09T09:45:09","date_gmt":"2018-03-09T09:45:09","guid":{"rendered":"https:\/\/www.deberes.net\/tesis\/sin-categoria\/la-estructura-de-la-negociacion-colectiva\/"},"modified":"2018-03-09T09:45:09","modified_gmt":"2018-03-09T09:45:09","slug":"la-estructura-de-la-negociacion-colectiva","status":"publish","type":"post","link":"https:\/\/www.deberes.net\/tesis\/ciencias-juridicas-y-derecho\/la-estructura-de-la-negociacion-colectiva\/","title":{"rendered":"La estructura de la negociacion colectiva."},"content":{"rendered":"<h2>Tesis doctoral de <strong> M. Luz Rodriguez Fernandez <\/strong><\/h2>\n<p>La estructura de la negociaci\u00f3n colectiva ha tratado, fundamentalmente, de desvelar las sedes en las que los representantes de trabajadores y empresarios situan la actividad contractual, que son, al tiempo, las sedes donde ambos sujetos ejercen el poder normativo sobre las relaciones de trabajo que les viene reconocido constitucionalmente, asi como las razones o motivos que han inducido a los agentes sociales a negociar en esas sedes y no en otras. A fin de conocer estos motivos, se ha pasado revista al entorno en que se adoptan las decisiones sobre la elecci\u00f3n del nivel de negociaci\u00f3n (los antecedentes del sistema de negociaci\u00f3n colectiva, la regulaci\u00f3n estatal vigente, la coyuntura economica o la composicion del tejido industrial, entre otros aspectos), tambien a temas atinentes al desarrollo de la negociaci\u00f3n colectiva misma (contenidos objeto de negociaci\u00f3n y funci\u00f3n de los distintos niveles de actividad contractual), ademas de a condiciones presentes en el interior de los propios sujetos negociadores (poder de negociaci\u00f3n, politica de negociaci\u00f3n colectiva o composici\u00f3n de las respectivas organizaciones y distribucion en ellas del poder).<\/p>\n<p>&nbsp;<\/p>\n<h3>Datos acad\u00e9micos de la tesis doctoral \u00ab<strong>La estructura de la negociacion colectiva.<\/strong>\u00ab<\/h3>\n<ul>\n<li><strong>T\u00edtulo de la tesis:<\/strong>\u00a0 La estructura de la negociacion colectiva. <\/li>\n<li><strong>Autor:<\/strong>\u00a0 M. Luz Rodriguez Fernandez <\/li>\n<li><strong>Universidad:<\/strong>\u00a0 Valladolid<\/li>\n<li><strong>Fecha de lectura de la tesis:<\/strong>\u00a0 27\/05\/1999<\/li>\n<\/ul>\n<p>&nbsp;<\/p>\n<h3>Direcci\u00f3n y tribunal<\/h3>\n<ul>\n<li><strong>Director de la tesis<\/strong>\n<ul>\n<li> Valdes Dal Re Fernando<\/li>\n<\/ul>\n<\/li>\n<li><strong>Tribunal<\/strong>\n<ul>\n<li>Presidente del tribunal: Antonio Martin valverde <\/li>\n<li>Mar\u00eda  emilia Casas baamonde (vocal)<\/li>\n<li>tom\u00e1s Sala franco (vocal)<\/li>\n<li>Antonio Baylos grau (vocal)<\/li>\n<\/ul>\n<\/li>\n<\/ul>\n<p>&nbsp;<\/p>\n","protected":false},"excerpt":{"rendered":"<p>Tesis doctoral de M. Luz Rodriguez Fernandez La estructura de la negociaci\u00f3n colectiva ha tratado, fundamentalmente, de desvelar las sedes [&hellip;]<\/p>\n","protected":false},"author":1,"featured_media":0,"comment_status":"open","ping_status":"open","sticky":false,"template":"","format":"standard","meta":{"site-sidebar-layout":"default","site-content-layout":"","ast-site-content-layout":"","site-content-style":"default","site-sidebar-style":"default","ast-global-header-display":"","ast-banner-title-visibility":"","ast-main-header-display":"","ast-hfb-above-header-display":"","ast-hfb-below-header-display":"","ast-hfb-mobile-header-display":"","site-post-title":"","ast-breadcrumbs-content":"","ast-featured-img":"","footer-sml-layout":"","theme-transparent-header-meta":"","adv-header-id-meta":"","stick-header-meta":"","header-above-stick-meta":"","header-main-stick-meta":"","header-below-stick-meta":"","astra-migrate-meta-layouts":"default","ast-page-background-enabled":"default","ast-page-background-meta":{"desktop":{"background-color":"var(--ast-global-color-4)","background-image":"","background-repeat":"repeat","background-position":"center center","background-size":"auto","background-attachment":"scroll","background-type":"","background-media":"","overlay-type":"","overlay-color":"","overlay-gradient":""},"tablet":{"background-color":"","background-image":"","background-repeat":"repeat","background-position":"center center","background-size":"auto","background-attachment":"scroll","background-type":"","background-media":"","overlay-type":"","overlay-color":"","overlay-gradient":""},"mobile":{"background-color":"","background-image":"","background-repeat":"repeat","background-position":"center center","background-size":"auto","background-attachment":"scroll","background-type":"","background-media":"","overlay-type":"","overlay-color":"","overlay-gradient":""}},"ast-content-background-meta":{"desktop":{"background-color":"var(--ast-global-color-5)","background-image":"","background-repeat":"repeat","background-position":"center center","background-size":"auto","background-attachment":"scroll","background-type":"","background-media":"","overlay-type":"","overlay-color":"","overlay-gradient":""},"tablet":{"background-color":"var(--ast-global-color-5)","background-image":"","background-repeat":"repeat","background-position":"center center","background-size":"auto","background-attachment":"scroll","background-type":"","background-media":"","overlay-type":"","overlay-color":"","overlay-gradient":""},"mobile":{"background-color":"var(--ast-global-color-5)","background-image":"","background-repeat":"repeat","background-position":"center center","background-size":"auto","background-attachment":"scroll","background-type":"","background-media":"","overlay-type":"","overlay-color":"","overlay-gradient":""}},"footnotes":""},"categories":[612,2170,979,12451],"tags":[18714,11489,107594,9456,11488,22847],"class_list":["post-42964","post","type-post","status-publish","format-standard","hentry","category-ciencias-juridicas-y-derecho","category-derecho-del-trabajo-y-de-la-seguridad-social","category-derecho-y-legislacion-nacionales","category-valladolid","tag-antonio-baylos-grau","tag-antonio-martin-valverde","tag-m-luz-rodriguez-fernandez","tag-maria-emilia-casas-baamonde","tag-tomas-sala-franco","tag-valdes-dal-re-fernando"],"_links":{"self":[{"href":"https:\/\/www.deberes.net\/tesis\/wp-json\/wp\/v2\/posts\/42964","targetHints":{"allow":["GET"]}}],"collection":[{"href":"https:\/\/www.deberes.net\/tesis\/wp-json\/wp\/v2\/posts"}],"about":[{"href":"https:\/\/www.deberes.net\/tesis\/wp-json\/wp\/v2\/types\/post"}],"author":[{"embeddable":true,"href":"https:\/\/www.deberes.net\/tesis\/wp-json\/wp\/v2\/users\/1"}],"replies":[{"embeddable":true,"href":"https:\/\/www.deberes.net\/tesis\/wp-json\/wp\/v2\/comments?post=42964"}],"version-history":[{"count":0,"href":"https:\/\/www.deberes.net\/tesis\/wp-json\/wp\/v2\/posts\/42964\/revisions"}],"wp:attachment":[{"href":"https:\/\/www.deberes.net\/tesis\/wp-json\/wp\/v2\/media?parent=42964"}],"wp:term":[{"taxonomy":"category","embeddable":true,"href":"https:\/\/www.deberes.net\/tesis\/wp-json\/wp\/v2\/categories?post=42964"},{"taxonomy":"post_tag","embeddable":true,"href":"https:\/\/www.deberes.net\/tesis\/wp-json\/wp\/v2\/tags?post=42964"}],"curies":[{"name":"wp","href":"https:\/\/api.w.org\/{rel}","templated":true}]}}