{"id":43018,"date":"2018-03-23T08:25:39","date_gmt":"2018-03-23T08:25:39","guid":{"rendered":"https:\/\/www.deberes.net\/tesis\/sin-categoria\/el-presupuesto-extraordinario-de-cultura-de-1908-del-ayuntamiento-de-barcelona-en-el-marco-de-la-revolucion-escolar-de-cataluna\/"},"modified":"2018-03-23T08:25:39","modified_gmt":"2018-03-23T08:25:39","slug":"el-presupuesto-extraordinario-de-cultura-de-1908-del-ayuntamiento-de-barcelona-en-el-marco-de-la-revolucion-escolar-de-cataluna","status":"publish","type":"post","link":"https:\/\/www.deberes.net\/tesis\/historia\/el-presupuesto-extraordinario-de-cultura-de-1908-del-ayuntamiento-de-barcelona-en-el-marco-de-la-revolucion-escolar-de-cataluna\/","title":{"rendered":"El presupuesto extraordinario de cultura de 1908 del ayuntamiento de barcelona en el marco de la revolucion escolar de catalu\u00f1a."},"content":{"rendered":"<h2>Tesis doctoral de <strong> Jaime Matas Tort <\/strong><\/h2>\n<p>La tesis el presupuesto extraordinario de cultura de 1908 del ayuntamiento de barcelona  en el marco de la renovacion escolar de catalu\u00f1a estudia el proyecto de reforma de la ense\u00f1anza primaria mas importante llevado a cabo en el campo de la ense\u00f1anza oficial  en el presente siglo  antes de la instauracion de la generalitat  en la ciudad de barcelona. Ytras la aprobacion por el pleno municipal  el presupuesto fue suspendido por el gobernador civil de barcelona  y el hecho de que no fuese llevado a la practica puede que sea la causa de que el tema del presupuesto haya sido olvidado por la bibliografia existente. Pretende ademas la tesis describir la incidencia del presupuesto en el campo politico de la epoca  subrayando su repercusion en la disolucion de la solidaritat catalana  en el congreso de Madrid  la actitud de la clase obrera ante el presupuesto el protagonismo del cardenal casa\u00f1as  etc<\/p>\n<p>&nbsp;<\/p>\n<h3>Datos acad\u00e9micos de la tesis doctoral \u00ab<strong>El presupuesto extraordinario de cultura de 1908 del ayuntamiento de barcelona en el marco de la revolucion escolar de catalu\u00f1a.<\/strong>\u00ab<\/h3>\n<ul>\n<li><strong>T\u00edtulo de la tesis:<\/strong>\u00a0 El presupuesto extraordinario de cultura de 1908 del ayuntamiento de barcelona en el marco de la revolucion escolar de catalu\u00f1a. <\/li>\n<li><strong>Autor:<\/strong>\u00a0 Jaime Matas Tort <\/li>\n<li><strong>Universidad:<\/strong>\u00a0 Barcelona<\/li>\n<li><strong>Fecha de lectura de la tesis:<\/strong>\u00a0 01\/01\/1977<\/li>\n<\/ul>\n<p>&nbsp;<\/p>\n<h3>Direcci\u00f3n y tribunal<\/h3>\n<ul>\n<li><strong>Director de la tesis<\/strong>\n<ul>\n<li>Antonio Palomeque Torres<\/li>\n<\/ul>\n<\/li>\n<li><strong>Tribunal<\/strong>\n<ul>\n<li>Presidente del tribunal: Emili Giralt Raventos <\/li>\n<li>Antonio Palomeque Torres (vocal)<\/li>\n<li>Pere Molas Ribalta (vocal)<\/li>\n<li>Josep Termes Ardevol (vocal)<\/li>\n<\/ul>\n<\/li>\n<\/ul>\n<p>&nbsp;<\/p>\n","protected":false},"excerpt":{"rendered":"<p>Tesis doctoral de Jaime Matas Tort La tesis el presupuesto extraordinario de cultura de 1908 del ayuntamiento de barcelona en [&hellip;]<\/p>\n","protected":false},"author":1,"featured_media":0,"comment_status":"open","ping_status":"open","sticky":false,"template":"","format":"standard","meta":{"site-sidebar-layout":"default","site-content-layout":"","ast-site-content-layout":"","site-content-style":"default","site-sidebar-style":"default","ast-global-header-display":"","ast-banner-title-visibility":"","ast-main-header-display":"","ast-hfb-above-header-display":"","ast-hfb-below-header-display":"","ast-hfb-mobile-header-display":"","site-post-title":"","ast-breadcrumbs-content":"","ast-featured-img":"","footer-sml-layout":"","theme-transparent-header-meta":"","adv-header-id-meta":"","stick-header-meta":"","header-above-stick-meta":"","header-main-stick-meta":"","header-below-stick-meta":"","astra-migrate-meta-layouts":"default","ast-page-background-enabled":"default","ast-page-background-meta":{"desktop":{"background-color":"var(--ast-global-color-4)","background-image":"","background-repeat":"repeat","background-position":"center center","background-size":"auto","background-attachment":"scroll","background-type":"","background-media":"","overlay-type":"","overlay-color":"","overlay-gradient":""},"tablet":{"background-color":"","background-image":"","background-repeat":"repeat","background-position":"center center","background-size":"auto","background-attachment":"scroll","background-type":"","background-media":"","overlay-type":"","overlay-color":"","overlay-gradient":""},"mobile":{"background-color":"","background-image":"","background-repeat":"repeat","background-position":"center center","background-size":"auto","background-attachment":"scroll","background-type":"","background-media":"","overlay-type":"","overlay-color":"","overlay-gradient":""}},"ast-content-background-meta":{"desktop":{"background-color":"var(--ast-global-color-5)","background-image":"","background-repeat":"repeat","background-position":"center center","background-size":"auto","background-attachment":"scroll","background-type":"","background-media":"","overlay-type":"","overlay-color":"","overlay-gradient":""},"tablet":{"background-color":"var(--ast-global-color-5)","background-image":"","background-repeat":"repeat","background-position":"center center","background-size":"auto","background-attachment":"scroll","background-type":"","background-media":"","overlay-type":"","overlay-color":"","overlay-gradient":""},"mobile":{"background-color":"var(--ast-global-color-5)","background-image":"","background-repeat":"repeat","background-position":"center center","background-size":"auto","background-attachment":"scroll","background-type":"","background-media":"","overlay-type":"","overlay-color":"","overlay-gradient":""}},"footnotes":""},"categories":[951,104,311,222],"tags":[112,66,313,315,314],"class_list":["post-43018","post","type-post","status-publish","format-standard","hentry","category-barcelona","category-historia","category-historia-de-la-educacion","category-historias-especializadas","tag-antonio-palomeque-torres","tag-emili-giralt-raventos","tag-jaime-matas-tort","tag-josep-termes-ardevol","tag-pere-molas-ribalta"],"_links":{"self":[{"href":"https:\/\/www.deberes.net\/tesis\/wp-json\/wp\/v2\/posts\/43018","targetHints":{"allow":["GET"]}}],"collection":[{"href":"https:\/\/www.deberes.net\/tesis\/wp-json\/wp\/v2\/posts"}],"about":[{"href":"https:\/\/www.deberes.net\/tesis\/wp-json\/wp\/v2\/types\/post"}],"author":[{"embeddable":true,"href":"https:\/\/www.deberes.net\/tesis\/wp-json\/wp\/v2\/users\/1"}],"replies":[{"embeddable":true,"href":"https:\/\/www.deberes.net\/tesis\/wp-json\/wp\/v2\/comments?post=43018"}],"version-history":[{"count":0,"href":"https:\/\/www.deberes.net\/tesis\/wp-json\/wp\/v2\/posts\/43018\/revisions"}],"wp:attachment":[{"href":"https:\/\/www.deberes.net\/tesis\/wp-json\/wp\/v2\/media?parent=43018"}],"wp:term":[{"taxonomy":"category","embeddable":true,"href":"https:\/\/www.deberes.net\/tesis\/wp-json\/wp\/v2\/categories?post=43018"},{"taxonomy":"post_tag","embeddable":true,"href":"https:\/\/www.deberes.net\/tesis\/wp-json\/wp\/v2\/tags?post=43018"}],"curies":[{"name":"wp","href":"https:\/\/api.w.org\/{rel}","templated":true}]}}