{"id":43032,"date":"2018-03-25T18:47:27","date_gmt":"2018-03-25T18:47:27","guid":{"rendered":"https:\/\/www.deberes.net\/tesis\/sin-categoria\/farmaceuticos-de-barcelona-durante-la-primera-mitad-del-siglo-xix\/"},"modified":"2018-03-25T18:47:27","modified_gmt":"2018-03-25T18:47:27","slug":"farmaceuticos-de-barcelona-durante-la-primera-mitad-del-siglo-xix","status":"publish","type":"post","link":"https:\/\/www.deberes.net\/tesis\/historia\/farmaceuticos-de-barcelona-durante-la-primera-mitad-del-siglo-xix\/","title":{"rendered":"Farmaceuticos de barcelona durante la primera mitad del siglo xix."},"content":{"rendered":"<h2>Tesis doctoral de <strong> Enrique Padro Alcoverro <\/strong><\/h2>\n<p>Se estudia la organizacion de los farmaceuticos de barcelona  durante la primera mitad del siglo xix con especial consideracion de su ejercicio profesional asociaciones  propaganda farmaceutica  inluencia de los especificos y lucha contra el intrusismo. Tambien se considera el ejercicio farmaceutico en primera constitucion hospitalaria  el hospital de la santa cruz y san pablo<\/p>\n<p>&nbsp;<\/p>\n<h3>Datos acad\u00e9micos de la tesis doctoral \u00ab<strong>Farmaceuticos de barcelona durante la primera mitad del siglo xix.<\/strong>\u00ab<\/h3>\n<ul>\n<li><strong>T\u00edtulo de la tesis:<\/strong>\u00a0 Farmaceuticos de barcelona durante la primera mitad del siglo xix. <\/li>\n<li><strong>Autor:<\/strong>\u00a0 Enrique Padro Alcoverro <\/li>\n<li><strong>Universidad:<\/strong>\u00a0 Barcelona<\/li>\n<li><strong>Fecha de lectura de la tesis:<\/strong>\u00a0 01\/01\/1977<\/li>\n<\/ul>\n<p>&nbsp;<\/p>\n<h3>Direcci\u00f3n y tribunal<\/h3>\n<ul>\n<li><strong>Director de la tesis<\/strong>\n<ul>\n<li>Josep M. Su\u00f1e Arbussa<\/li>\n<\/ul>\n<\/li>\n<li><strong>Tribunal<\/strong>\n<ul>\n<li>Presidente del tribunal:  Su\u00f1e Arbossa Jos\u00e9 Mar\u00eda <\/li>\n<li>Jos\u00e9 Lu\u00eds Valverde L\u00f3pez (vocal)<\/li>\n<li>Alfonso Pozo Ojeda (vocal)<\/li>\n<li>Claudio Fauli Trillo (vocal)<\/li>\n<\/ul>\n<\/li>\n<\/ul>\n<p>&nbsp;<\/p>\n","protected":false},"excerpt":{"rendered":"<p>Tesis doctoral de Enrique Padro Alcoverro Se estudia la organizacion de los farmaceuticos de barcelona durante la primera mitad del [&hellip;]<\/p>\n","protected":false},"author":1,"featured_media":0,"comment_status":"open","ping_status":"open","sticky":false,"template":"","format":"standard","meta":{"site-sidebar-layout":"default","site-content-layout":"","ast-site-content-layout":"","site-content-style":"default","site-sidebar-style":"default","ast-global-header-display":"","ast-banner-title-visibility":"","ast-main-header-display":"","ast-hfb-above-header-display":"","ast-hfb-below-header-display":"","ast-hfb-mobile-header-display":"","site-post-title":"","ast-breadcrumbs-content":"","ast-featured-img":"","footer-sml-layout":"","theme-transparent-header-meta":"","adv-header-id-meta":"","stick-header-meta":"","header-above-stick-meta":"","header-main-stick-meta":"","header-below-stick-meta":"","astra-migrate-meta-layouts":"default","ast-page-background-enabled":"default","ast-page-background-meta":{"desktop":{"background-color":"var(--ast-global-color-4)","background-image":"","background-repeat":"repeat","background-position":"center center","background-size":"auto","background-attachment":"scroll","background-type":"","background-media":"","overlay-type":"","overlay-color":"","overlay-gradient":""},"tablet":{"background-color":"","background-image":"","background-repeat":"repeat","background-position":"center center","background-size":"auto","background-attachment":"scroll","background-type":"","background-media":"","overlay-type":"","overlay-color":"","overlay-gradient":""},"mobile":{"background-color":"","background-image":"","background-repeat":"repeat","background-position":"center center","background-size":"auto","background-attachment":"scroll","background-type":"","background-media":"","overlay-type":"","overlay-color":"","overlay-gradient":""}},"ast-content-background-meta":{"desktop":{"background-color":"var(--ast-global-color-5)","background-image":"","background-repeat":"repeat","background-position":"center center","background-size":"auto","background-attachment":"scroll","background-type":"","background-media":"","overlay-type":"","overlay-color":"","overlay-gradient":""},"tablet":{"background-color":"var(--ast-global-color-5)","background-image":"","background-repeat":"repeat","background-position":"center center","background-size":"auto","background-attachment":"scroll","background-type":"","background-media":"","overlay-type":"","overlay-color":"","overlay-gradient":""},"mobile":{"background-color":"var(--ast-global-color-5)","background-image":"","background-repeat":"repeat","background-position":"center center","background-size":"auto","background-attachment":"scroll","background-type":"","background-media":"","overlay-type":"","overlay-color":"","overlay-gradient":""}},"footnotes":""},"categories":[951,104,360,222],"tags":[365,366,361,364,362,363],"class_list":["post-43032","post","type-post","status-publish","format-standard","hentry","category-barcelona","category-historia","category-historia-de-la-farmacia","category-historias-especializadas","tag-alfonso-pozo-ojeda","tag-claudio-fauli-trillo","tag-enrique-padro-alcoverro","tag-jose-luis-valverde-lopez","tag-josep-m-sune-arbussa","tag-sune-arbossa-jose-maria"],"_links":{"self":[{"href":"https:\/\/www.deberes.net\/tesis\/wp-json\/wp\/v2\/posts\/43032","targetHints":{"allow":["GET"]}}],"collection":[{"href":"https:\/\/www.deberes.net\/tesis\/wp-json\/wp\/v2\/posts"}],"about":[{"href":"https:\/\/www.deberes.net\/tesis\/wp-json\/wp\/v2\/types\/post"}],"author":[{"embeddable":true,"href":"https:\/\/www.deberes.net\/tesis\/wp-json\/wp\/v2\/users\/1"}],"replies":[{"embeddable":true,"href":"https:\/\/www.deberes.net\/tesis\/wp-json\/wp\/v2\/comments?post=43032"}],"version-history":[{"count":0,"href":"https:\/\/www.deberes.net\/tesis\/wp-json\/wp\/v2\/posts\/43032\/revisions"}],"wp:attachment":[{"href":"https:\/\/www.deberes.net\/tesis\/wp-json\/wp\/v2\/media?parent=43032"}],"wp:term":[{"taxonomy":"category","embeddable":true,"href":"https:\/\/www.deberes.net\/tesis\/wp-json\/wp\/v2\/categories?post=43032"},{"taxonomy":"post_tag","embeddable":true,"href":"https:\/\/www.deberes.net\/tesis\/wp-json\/wp\/v2\/tags?post=43032"}],"curies":[{"name":"wp","href":"https:\/\/api.w.org\/{rel}","templated":true}]}}