{"id":43581,"date":"2018-06-08T22:03:31","date_gmt":"2018-06-08T22:03:31","guid":{"rendered":"https:\/\/www.deberes.net\/tesis\/sin-categoria\/el-habla-y-las-culturas-populares-en-la-litera\/"},"modified":"2018-06-08T22:03:31","modified_gmt":"2018-06-08T22:03:31","slug":"el-habla-y-las-culturas-populares-en-la-litera","status":"publish","type":"post","link":"https:\/\/www.deberes.net\/tesis\/linguistica\/el-habla-y-las-culturas-populares-en-la-litera\/","title":{"rendered":"El habla y las culturas populares en la litera."},"content":{"rendered":"<h2>Tesis doctoral de <strong> Antonio Viudas Camarasa <\/strong><\/h2>\n<p>Estudia e investiga el habla y la cultura populares de la litera. La litera es una comarca que pertenece a la provincia de huesca y esta enclavada en el extremo sur del antiguo condado de ribagorza. La variedad del habla estudiada pertenece al dialecto ribagorzano. El trabajo consta de las siguientes partes: introduccion. I.  metodolog\u00eda de la investigacion. Ii descripcion fonologica del habla de la litera. Iii morfolog\u00eda y sintasis. Iv lexico. V conclusion. El trabajo va acompa\u00f1ado de mapas  graficos y de abundante material grafico.<\/p>\n<p>&nbsp;<\/p>\n<h3>Datos acad\u00e9micos de la tesis doctoral \u00ab<strong>El habla y las culturas populares en la litera.<\/strong>\u00ab<\/h3>\n<ul>\n<li><strong>T\u00edtulo de la tesis:<\/strong>\u00a0 El habla y las culturas populares en la litera. <\/li>\n<li><strong>Autor:<\/strong>\u00a0 Antonio Viudas Camarasa <\/li>\n<li><strong>Universidad:<\/strong>\u00a0 Complutense de Madrid<\/li>\n<li><strong>Fecha de lectura de la tesis:<\/strong>\u00a0 01\/01\/1977<\/li>\n<\/ul>\n<p>&nbsp;<\/p>\n<h3>Direcci\u00f3n y tribunal<\/h3>\n<ul>\n<li><strong>Director de la tesis<\/strong>\n<ul>\n<li>Alonso Zamora Vicente<\/li>\n<\/ul>\n<\/li>\n<li><strong>Tribunal<\/strong>\n<ul>\n<li>Presidente del tribunal: Francisco Sanchez-casta\u00f1er Mena <\/li>\n<li>Francisco L\u00f3pez Estrada (vocal)<\/li>\n<li>Alonso Zamora Vicente (vocal)<\/li>\n<li>Rafael Lapesa Melgar (vocal)<\/li>\n<\/ul>\n<\/li>\n<\/ul>\n<p>&nbsp;<\/p>\n","protected":false},"excerpt":{"rendered":"<p>Tesis doctoral de Antonio Viudas Camarasa Estudia e investiga el habla y la cultura populares de la litera. La litera [&hellip;]<\/p>\n","protected":false},"author":1,"featured_media":0,"comment_status":"open","ping_status":"open","sticky":false,"template":"","format":"standard","meta":{"site-sidebar-layout":"default","site-content-layout":"","ast-site-content-layout":"","site-content-style":"default","site-sidebar-style":"default","ast-global-header-display":"","ast-banner-title-visibility":"","ast-main-header-display":"","ast-hfb-above-header-display":"","ast-hfb-below-header-display":"","ast-hfb-mobile-header-display":"","site-post-title":"","ast-breadcrumbs-content":"","ast-featured-img":"","footer-sml-layout":"","theme-transparent-header-meta":"","adv-header-id-meta":"","stick-header-meta":"","header-above-stick-meta":"","header-main-stick-meta":"","header-below-stick-meta":"","astra-migrate-meta-layouts":"default","ast-page-background-enabled":"default","ast-page-background-meta":{"desktop":{"background-color":"var(--ast-global-color-4)","background-image":"","background-repeat":"repeat","background-position":"center center","background-size":"auto","background-attachment":"scroll","background-type":"","background-media":"","overlay-type":"","overlay-color":"","overlay-gradient":""},"tablet":{"background-color":"","background-image":"","background-repeat":"repeat","background-position":"center center","background-size":"auto","background-attachment":"scroll","background-type":"","background-media":"","overlay-type":"","overlay-color":"","overlay-gradient":""},"mobile":{"background-color":"","background-image":"","background-repeat":"repeat","background-position":"center center","background-size":"auto","background-attachment":"scroll","background-type":"","background-media":"","overlay-type":"","overlay-color":"","overlay-gradient":""}},"ast-content-background-meta":{"desktop":{"background-color":"var(--ast-global-color-5)","background-image":"","background-repeat":"repeat","background-position":"center center","background-size":"auto","background-attachment":"scroll","background-type":"","background-media":"","overlay-type":"","overlay-color":"","overlay-gradient":""},"tablet":{"background-color":"var(--ast-global-color-5)","background-image":"","background-repeat":"repeat","background-position":"center center","background-size":"auto","background-attachment":"scroll","background-type":"","background-media":"","overlay-type":"","overlay-color":"","overlay-gradient":""},"mobile":{"background-color":"var(--ast-global-color-5)","background-image":"","background-repeat":"repeat","background-position":"center center","background-size":"auto","background-attachment":"scroll","background-type":"","background-media":"","overlay-type":"","overlay-color":"","overlay-gradient":""}},"footnotes":""},"categories":[636,59,60],"tags":[15098,86157,719,790,7720],"class_list":["post-43581","post","type-post","status-publish","format-standard","hentry","category-lengua-y-literatura","category-linguistica","category-linguistica-aplicada","tag-alonso-zamora-vicente","tag-antonio-viudas-camarasa","tag-francisco-lopez-estrada","tag-francisco-sanchez-castaner-mena","tag-rafael-lapesa-melgar"],"_links":{"self":[{"href":"https:\/\/www.deberes.net\/tesis\/wp-json\/wp\/v2\/posts\/43581","targetHints":{"allow":["GET"]}}],"collection":[{"href":"https:\/\/www.deberes.net\/tesis\/wp-json\/wp\/v2\/posts"}],"about":[{"href":"https:\/\/www.deberes.net\/tesis\/wp-json\/wp\/v2\/types\/post"}],"author":[{"embeddable":true,"href":"https:\/\/www.deberes.net\/tesis\/wp-json\/wp\/v2\/users\/1"}],"replies":[{"embeddable":true,"href":"https:\/\/www.deberes.net\/tesis\/wp-json\/wp\/v2\/comments?post=43581"}],"version-history":[{"count":0,"href":"https:\/\/www.deberes.net\/tesis\/wp-json\/wp\/v2\/posts\/43581\/revisions"}],"wp:attachment":[{"href":"https:\/\/www.deberes.net\/tesis\/wp-json\/wp\/v2\/media?parent=43581"}],"wp:term":[{"taxonomy":"category","embeddable":true,"href":"https:\/\/www.deberes.net\/tesis\/wp-json\/wp\/v2\/categories?post=43581"},{"taxonomy":"post_tag","embeddable":true,"href":"https:\/\/www.deberes.net\/tesis\/wp-json\/wp\/v2\/tags?post=43581"}],"curies":[{"name":"wp","href":"https:\/\/api.w.org\/{rel}","templated":true}]}}