{"id":43746,"date":"2018-07-06T23:51:49","date_gmt":"2018-07-06T23:51:49","guid":{"rendered":"https:\/\/www.deberes.net\/tesis\/sin-categoria\/el-senorio-de-aguilar-y-su-dominio-senorial-en-la-baja-edad-media-1284-1517\/"},"modified":"2018-07-06T23:51:49","modified_gmt":"2018-07-06T23:51:49","slug":"el-senorio-de-aguilar-y-su-dominio-senorial-en-la-baja-edad-media-1284-1517","status":"publish","type":"post","link":"https:\/\/www.deberes.net\/tesis\/historia\/el-senorio-de-aguilar-y-su-dominio-senorial-en-la-baja-edad-media-1284-1517\/","title":{"rendered":"El se\u00f1orio de aguilar y su dominio se\u00f1orial en la baja edad media (1284-1517)."},"content":{"rendered":"<h2>Tesis doctoral de <strong>  Quintanilla Raso M. Concepcion <\/strong><\/h2>\n<p>La tesis consta de tres grandes apartados  el primero de los cuales contiene un estudio pormenorizado de la historia del linaje fernandez de cordoba  en especial de la casas central -se\u00f1ores de aguilar- atendiendo al papel politico representado- por cada uno de los titulares dentro de cordoba y en el conjunto de la andalucia de los siglos xiv-xvi  su prestigio social y las lineas generales de su evolucion genealogica. El segundo apartado tiene por objeto el analisis de la formacion del dominio se\u00f1orial compuesto por las villas de aguilar montilla  monturque  ca\u00f1ete  montalban  puente de d.  gonzalo  santa cruz  priego y carcabuey  asi como de las caracteristicas historicas y geograficas de estas villas y de la comarca en que estan enclavadas. Por ultimo  el estudio del patrimonio de este linaje es el objeto del tercer gran tema de la tesis  en el que se ha distinguido un proceso constitucional  y un analisis de cada uno de los tipos de propiedades que lo componian.<\/p>\n<p>&nbsp;<\/p>\n<h3>Datos acad\u00e9micos de la tesis doctoral \u00ab<strong>El se\u00f1orio de aguilar y su dominio se\u00f1orial en la baja edad media (1284-1517).<\/strong>\u00ab<\/h3>\n<ul>\n<li><strong>T\u00edtulo de la tesis:<\/strong>\u00a0 El se\u00f1orio de aguilar y su dominio se\u00f1orial en la baja edad media (1284-1517). <\/li>\n<li><strong>Autor:<\/strong>\u00a0  Quintanilla Raso M. Concepcion <\/li>\n<li><strong>Universidad:<\/strong>\u00a0 Sevilla<\/li>\n<li><strong>Fecha de lectura de la tesis:<\/strong>\u00a0 01\/01\/1977<\/li>\n<\/ul>\n<p>&nbsp;<\/p>\n<h3>Direcci\u00f3n y tribunal<\/h3>\n<ul>\n<li><strong>Director de la tesis<\/strong>\n<ul>\n<li>Miguel \u00e1ngel Ladero Quesada<\/li>\n<\/ul>\n<\/li>\n<li><strong>Tribunal<\/strong>\n<ul>\n<li>Presidente del tribunal: Miguel \u00e1ngel Ladero Quesada <\/li>\n<li>Luis Nu\u00f1ez Contreras (vocal)<\/li>\n<li>Jos\u00e9 Martinez Gijon (vocal)<\/li>\n<li>Jos\u00e9 \u00e1ngel Garc\u00eda De Cort\u00e1zar Ruiz De Aguirre (vocal)<\/li>\n<\/ul>\n<\/li>\n<\/ul>\n<p>&nbsp;<\/p>\n","protected":false},"excerpt":{"rendered":"<p>Tesis doctoral de Quintanilla Raso M. Concepcion La tesis consta de tres grandes apartados el primero de los cuales contiene [&hellip;]<\/p>\n","protected":false},"author":1,"featured_media":0,"comment_status":"open","ping_status":"open","sticky":false,"template":"","format":"standard","meta":{"site-sidebar-layout":"default","site-content-layout":"","ast-site-content-layout":"","site-content-style":"default","site-sidebar-style":"default","ast-global-header-display":"","ast-banner-title-visibility":"","ast-main-header-display":"","ast-hfb-above-header-display":"","ast-hfb-below-header-display":"","ast-hfb-mobile-header-display":"","site-post-title":"","ast-breadcrumbs-content":"","ast-featured-img":"","footer-sml-layout":"","theme-transparent-header-meta":"","adv-header-id-meta":"","stick-header-meta":"","header-above-stick-meta":"","header-main-stick-meta":"","header-below-stick-meta":"","astra-migrate-meta-layouts":"default","ast-page-background-enabled":"default","ast-page-background-meta":{"desktop":{"background-color":"var(--ast-global-color-4)","background-image":"","background-repeat":"repeat","background-position":"center center","background-size":"auto","background-attachment":"scroll","background-type":"","background-media":"","overlay-type":"","overlay-color":"","overlay-gradient":""},"tablet":{"background-color":"","background-image":"","background-repeat":"repeat","background-position":"center center","background-size":"auto","background-attachment":"scroll","background-type":"","background-media":"","overlay-type":"","overlay-color":"","overlay-gradient":""},"mobile":{"background-color":"","background-image":"","background-repeat":"repeat","background-position":"center center","background-size":"auto","background-attachment":"scroll","background-type":"","background-media":"","overlay-type":"","overlay-color":"","overlay-gradient":""}},"ast-content-background-meta":{"desktop":{"background-color":"var(--ast-global-color-5)","background-image":"","background-repeat":"repeat","background-position":"center center","background-size":"auto","background-attachment":"scroll","background-type":"","background-media":"","overlay-type":"","overlay-color":"","overlay-gradient":""},"tablet":{"background-color":"var(--ast-global-color-5)","background-image":"","background-repeat":"repeat","background-position":"center center","background-size":"auto","background-attachment":"scroll","background-type":"","background-media":"","overlay-type":"","overlay-color":"","overlay-gradient":""},"mobile":{"background-color":"var(--ast-global-color-5)","background-image":"","background-repeat":"repeat","background-position":"center center","background-size":"auto","background-attachment":"scroll","background-type":"","background-media":"","overlay-type":"","overlay-color":"","overlay-gradient":""}},"footnotes":""},"categories":[104,119,220,10715],"tags":[642,108298,108257,5296,22716],"class_list":["post-43746","post","type-post","status-publish","format-standard","hentry","category-historia","category-historia-medieval","category-historia-por-epocas","category-sevilla","tag-jose-angel-garcia-de-cortazar-ruiz-de-aguirre","tag-jose-Martinez-gijon","tag-luis-nunez-contreras","tag-miguel-angel-ladero-quesada","tag-quintanilla-raso-m-concepcion"],"_links":{"self":[{"href":"https:\/\/www.deberes.net\/tesis\/wp-json\/wp\/v2\/posts\/43746","targetHints":{"allow":["GET"]}}],"collection":[{"href":"https:\/\/www.deberes.net\/tesis\/wp-json\/wp\/v2\/posts"}],"about":[{"href":"https:\/\/www.deberes.net\/tesis\/wp-json\/wp\/v2\/types\/post"}],"author":[{"embeddable":true,"href":"https:\/\/www.deberes.net\/tesis\/wp-json\/wp\/v2\/users\/1"}],"replies":[{"embeddable":true,"href":"https:\/\/www.deberes.net\/tesis\/wp-json\/wp\/v2\/comments?post=43746"}],"version-history":[{"count":0,"href":"https:\/\/www.deberes.net\/tesis\/wp-json\/wp\/v2\/posts\/43746\/revisions"}],"wp:attachment":[{"href":"https:\/\/www.deberes.net\/tesis\/wp-json\/wp\/v2\/media?parent=43746"}],"wp:term":[{"taxonomy":"category","embeddable":true,"href":"https:\/\/www.deberes.net\/tesis\/wp-json\/wp\/v2\/categories?post=43746"},{"taxonomy":"post_tag","embeddable":true,"href":"https:\/\/www.deberes.net\/tesis\/wp-json\/wp\/v2\/tags?post=43746"}],"curies":[{"name":"wp","href":"https:\/\/api.w.org\/{rel}","templated":true}]}}