{"id":43806,"date":"2018-07-17T04:50:09","date_gmt":"2018-07-17T04:50:09","guid":{"rendered":"https:\/\/www.deberes.net\/tesis\/sin-categoria\/analisis-experimental-del-comportamiento-adolescente-la-edad-de-catorce-anos\/"},"modified":"2018-07-17T04:50:09","modified_gmt":"2018-07-17T04:50:09","slug":"analisis-experimental-del-comportamiento-adolescente-la-edad-de-catorce-anos","status":"publish","type":"post","link":"https:\/\/www.deberes.net\/tesis\/psicologia\/analisis-experimental-del-comportamiento-adolescente-la-edad-de-catorce-anos\/","title":{"rendered":"Analisis experimental del comportamiento adolescente: la edad de catorce a\u00f1os."},"content":{"rendered":"<h2>Tesis doctoral de <strong> Gonzalo Serrano Mart\u00ednez <\/strong><\/h2>\n<p>Se trata de hallar el perfil conductural propio del adolescente de catorce a\u00f1os. Un trabajo  por tanto instalado en el ambito de la psicolog\u00eda evolutiva.  comprende dos partes fundamentales : en la primera se sintetizan los principales trabajos hechos al respecto por parte de los principales tratadistas en la materia.  se concluye con una escala observacional  que conecta en la tesis con toda la vertiente mas aplicada de la psicolog\u00eda. Se trata de hallar el perfil conductural propio del adl adolnte de catorce a\u00f1os.  Un trabajo  por tanto  instalado en el ambito de la psicolog\u00eda evolutiva.  comprende dos partes fundamentales: en la primera se sintetizan los principales trabajos hechos al respecto por parte de los principales tratadistas en la materia.  en la segunda parte  se exponen los resultados de la investigacion  definiendo el conjunto de aspectos descriptivos de la edad estudiada  desde una metodolog\u00eda factorial y dimensional. Se concluye con una escala observacional  que conecta en la tesis con toda la vertiente mas aplicada de la psicolog\u00eda.<\/p>\n<p>&nbsp;<\/p>\n<h3>Datos acad\u00e9micos de la tesis doctoral \u00ab<strong>Analisis experimental del comportamiento adolescente: la edad de catorce a\u00f1os.<\/strong>\u00ab<\/h3>\n<ul>\n<li><strong>T\u00edtulo de la tesis:<\/strong>\u00a0 Analisis experimental del comportamiento adolescente: la edad de catorce a\u00f1os. <\/li>\n<li><strong>Autor:<\/strong>\u00a0 Gonzalo Serrano Mart\u00ednez <\/li>\n<li><strong>Universidad:<\/strong>\u00a0 Universitat de val\u00e9ncia (estudi general)<\/li>\n<li><strong>Fecha de lectura de la tesis:<\/strong>\u00a0 01\/01\/1977<\/li>\n<\/ul>\n<p>&nbsp;<\/p>\n<h3>Direcci\u00f3n y tribunal<\/h3>\n<ul>\n<li><strong>Director de la tesis<\/strong>\n<ul>\n<li>Francisco Secadas Marcos<\/li>\n<\/ul>\n<\/li>\n<li><strong>Tribunal<\/strong>\n<ul>\n<li>Presidente del tribunal: Francisco Secadas Marcos <\/li>\n<li>Joaquin Arago Mitjans (vocal)<\/li>\n<li>Jos\u00e9 Luis Rodriguez Dieguez (vocal)<\/li>\n<li>Ricardo Iba\u00f1ez Marin (vocal)<\/li>\n<\/ul>\n<\/li>\n<\/ul>\n<p>&nbsp;<\/p>\n","protected":false},"excerpt":{"rendered":"<p>Tesis doctoral de Gonzalo Serrano Mart\u00ednez Se trata de hallar el perfil conductural propio del adolescente de catorce a\u00f1os. Un [&hellip;]<\/p>\n","protected":false},"author":1,"featured_media":0,"comment_status":"open","ping_status":"open","sticky":false,"template":"","format":"standard","meta":{"site-sidebar-layout":"default","site-content-layout":"","ast-site-content-layout":"","site-content-style":"default","site-sidebar-style":"default","ast-global-header-display":"","ast-banner-title-visibility":"","ast-main-header-display":"","ast-hfb-above-header-display":"","ast-hfb-below-header-display":"","ast-hfb-mobile-header-display":"","site-post-title":"","ast-breadcrumbs-content":"","ast-featured-img":"","footer-sml-layout":"","theme-transparent-header-meta":"","adv-header-id-meta":"","stick-header-meta":"","header-above-stick-meta":"","header-main-stick-meta":"","header-below-stick-meta":"","astra-migrate-meta-layouts":"default","ast-page-background-enabled":"default","ast-page-background-meta":{"desktop":{"background-color":"var(--ast-global-color-4)","background-image":"","background-repeat":"repeat","background-position":"center center","background-size":"auto","background-attachment":"scroll","background-type":"","background-media":"","overlay-type":"","overlay-color":"","overlay-gradient":""},"tablet":{"background-color":"","background-image":"","background-repeat":"repeat","background-position":"center center","background-size":"auto","background-attachment":"scroll","background-type":"","background-media":"","overlay-type":"","overlay-color":"","overlay-gradient":""},"mobile":{"background-color":"","background-image":"","background-repeat":"repeat","background-position":"center center","background-size":"auto","background-attachment":"scroll","background-type":"","background-media":"","overlay-type":"","overlay-color":"","overlay-gradient":""}},"ast-content-background-meta":{"desktop":{"background-color":"var(--ast-global-color-5)","background-image":"","background-repeat":"repeat","background-position":"center center","background-size":"auto","background-attachment":"scroll","background-type":"","background-media":"","overlay-type":"","overlay-color":"","overlay-gradient":""},"tablet":{"background-color":"var(--ast-global-color-5)","background-image":"","background-repeat":"repeat","background-position":"center center","background-size":"auto","background-attachment":"scroll","background-type":"","background-media":"","overlay-type":"","overlay-color":"","overlay-gradient":""},"mobile":{"background-color":"var(--ast-global-color-5)","background-image":"","background-repeat":"repeat","background-position":"center center","background-size":"auto","background-attachment":"scroll","background-type":"","background-media":"","overlay-type":"","overlay-color":"","overlay-gradient":""}},"footnotes":""},"categories":[324,970,2758],"tags":[3225,2631,108377,9576,5843],"class_list":["post-43806","post","type-post","status-publish","format-standard","hentry","category-psicologia","category-psicologia-del-nino-y-del-adolescente","category-psicologia-evolutiva","tag-francisco-secadas-marcos","tag-gonzalo-serrano-Martinez","tag-joaquin-arago-mitjans","tag-jose-luis-rodriguez-dieguez","tag-ricardo-ibanez-marin"],"_links":{"self":[{"href":"https:\/\/www.deberes.net\/tesis\/wp-json\/wp\/v2\/posts\/43806","targetHints":{"allow":["GET"]}}],"collection":[{"href":"https:\/\/www.deberes.net\/tesis\/wp-json\/wp\/v2\/posts"}],"about":[{"href":"https:\/\/www.deberes.net\/tesis\/wp-json\/wp\/v2\/types\/post"}],"author":[{"embeddable":true,"href":"https:\/\/www.deberes.net\/tesis\/wp-json\/wp\/v2\/users\/1"}],"replies":[{"embeddable":true,"href":"https:\/\/www.deberes.net\/tesis\/wp-json\/wp\/v2\/comments?post=43806"}],"version-history":[{"count":0,"href":"https:\/\/www.deberes.net\/tesis\/wp-json\/wp\/v2\/posts\/43806\/revisions"}],"wp:attachment":[{"href":"https:\/\/www.deberes.net\/tesis\/wp-json\/wp\/v2\/media?parent=43806"}],"wp:term":[{"taxonomy":"category","embeddable":true,"href":"https:\/\/www.deberes.net\/tesis\/wp-json\/wp\/v2\/categories?post=43806"},{"taxonomy":"post_tag","embeddable":true,"href":"https:\/\/www.deberes.net\/tesis\/wp-json\/wp\/v2\/tags?post=43806"}],"curies":[{"name":"wp","href":"https:\/\/api.w.org\/{rel}","templated":true}]}}