{"id":44135,"date":"2018-09-10T21:31:37","date_gmt":"2018-09-10T21:31:37","guid":{"rendered":"https:\/\/www.deberes.net\/tesis\/sin-categoria\/hormonas-tiroideas-en-el-suero-de-ninos-sanos-y-malnutridos\/"},"modified":"2018-09-10T21:31:37","modified_gmt":"2018-09-10T21:31:37","slug":"hormonas-tiroideas-en-el-suero-de-ninos-sanos-y-malnutridos","status":"publish","type":"post","link":"https:\/\/www.deberes.net\/tesis\/ciencias-de-la-vida\/hormonas-tiroideas-en-el-suero-de-ninos-sanos-y-malnutridos\/","title":{"rendered":"Hormonas tiroideas en el suero de ni\u00f1os sanos y malnutridos."},"content":{"rendered":"<h2>Tesis doctoral de <strong>  Planas Rosell\u00f3 Joana Mar\u00eda <\/strong><\/h2>\n<p>Debido a la gran incidencia de la malnutricion en nuestra sociedad y a la importancia de la funcion tiroidea sobre el desarrollo fisico e intelectual del ni\u00f1o se aborda en esta memoria el estudio de las variaciones de la secrecion tiroidea en la infancia y se establecen las modificaciones que se presentan en los ni\u00f1os malnutridos.  se ha determinado la concentracion serica de triiodotironina (t sub 3) y tiroxina (t sub 4)  asi como el indice de captacion de t sub 3 (ic-t sub 3) e indice de tiroxina libre (itl) en ni\u00f1os sanos y malnutridos mediante los metodos de radioinmunoensayo y de radioensayo competitivo. Los resultados ponen de manifiesto que existen importantes cambios en la funcion tiroidea durante los primeros meses de vida  con un gran aumento de t sub 4 e itl en el periodo de 2 a 10 dias y de un aumento significativo de t sub 3 entre la tercera y duodecima semana. En los ni\u00f1os malnutridos estudiados aun cuando los valores de t sub 4  itl y grado de saturacion de las proteinas transportadoras estan disminuidos  el  status  eutiroideo se mantiene por la presencia de niveles sericos de t sub 3 que no difieren de los valores hallados en los ni\u00f1os sanos.<\/p>\n<p>&nbsp;<\/p>\n<h3>Datos acad\u00e9micos de la tesis doctoral \u00ab<strong>Hormonas tiroideas en el suero de ni\u00f1os sanos y malnutridos.<\/strong>\u00ab<\/h3>\n<ul>\n<li><strong>T\u00edtulo de la tesis:<\/strong>\u00a0 Hormonas tiroideas en el suero de ni\u00f1os sanos y malnutridos. <\/li>\n<li><strong>Autor:<\/strong>\u00a0  Planas Rosell\u00f3 Joana Mar\u00eda <\/li>\n<li><strong>Universidad:<\/strong>\u00a0 Barcelona<\/li>\n<li><strong>Fecha de lectura de la tesis:<\/strong>\u00a0 01\/01\/1978<\/li>\n<\/ul>\n<p>&nbsp;<\/p>\n<h3>Direcci\u00f3n y tribunal<\/h3>\n<ul>\n<li><strong>Director de la tesis<\/strong>\n<ul>\n<li>Antonio Torralba Rodr\u00edguez<\/li>\n<\/ul>\n<\/li>\n<li><strong>Tribunal<\/strong>\n<ul>\n<li>Presidente del tribunal: Antonio Torralba Rodr\u00edguez <\/li>\n<li>Manuel Cruz Hern\u00e1ndez (vocal)<\/li>\n<li>Jaime Gallego Berenguer (vocal)<\/li>\n<li>Carmen De La Torre Boronat (vocal)<\/li>\n<\/ul>\n<\/li>\n<\/ul>\n<p>&nbsp;<\/p>\n","protected":false},"excerpt":{"rendered":"<p>Tesis doctoral de Planas Rosell\u00f3 Joana Mar\u00eda Debido a la gran incidencia de la malnutricion en nuestra sociedad y a [&hellip;]<\/p>\n","protected":false},"author":1,"featured_media":0,"comment_status":"open","ping_status":"open","sticky":false,"template":"","format":"standard","meta":{"site-sidebar-layout":"default","site-content-layout":"","ast-site-content-layout":"","site-content-style":"default","site-sidebar-style":"default","ast-global-header-display":"","ast-banner-title-visibility":"","ast-main-header-display":"","ast-hfb-above-header-display":"","ast-hfb-below-header-display":"","ast-hfb-mobile-header-display":"","site-post-title":"","ast-breadcrumbs-content":"","ast-featured-img":"","footer-sml-layout":"","theme-transparent-header-meta":"","adv-header-id-meta":"","stick-header-meta":"","header-above-stick-meta":"","header-main-stick-meta":"","header-below-stick-meta":"","astra-migrate-meta-layouts":"default","ast-page-background-enabled":"default","ast-page-background-meta":{"desktop":{"background-color":"var(--ast-global-color-4)","background-image":"","background-repeat":"repeat","background-position":"center center","background-size":"auto","background-attachment":"scroll","background-type":"","background-media":"","overlay-type":"","overlay-color":"","overlay-gradient":""},"tablet":{"background-color":"","background-image":"","background-repeat":"repeat","background-position":"center center","background-size":"auto","background-attachment":"scroll","background-type":"","background-media":"","overlay-type":"","overlay-color":"","overlay-gradient":""},"mobile":{"background-color":"","background-image":"","background-repeat":"repeat","background-position":"center center","background-size":"auto","background-attachment":"scroll","background-type":"","background-media":"","overlay-type":"","overlay-color":"","overlay-gradient":""}},"ast-content-background-meta":{"desktop":{"background-color":"var(--ast-global-color-5)","background-image":"","background-repeat":"repeat","background-position":"center center","background-size":"auto","background-attachment":"scroll","background-type":"","background-media":"","overlay-type":"","overlay-color":"","overlay-gradient":""},"tablet":{"background-color":"var(--ast-global-color-5)","background-image":"","background-repeat":"repeat","background-position":"center center","background-size":"auto","background-attachment":"scroll","background-type":"","background-media":"","overlay-type":"","overlay-color":"","overlay-gradient":""},"mobile":{"background-color":"var(--ast-global-color-5)","background-image":"","background-repeat":"repeat","background-position":"center center","background-size":"auto","background-attachment":"scroll","background-type":"","background-media":"","overlay-type":"","overlay-color":"","overlay-gradient":""}},"footnotes":""},"categories":[951,35,817],"tags":[48,10094,53930,164,19977],"class_list":["post-44135","post","type-post","status-publish","format-standard","hentry","category-barcelona","category-ciencias-de-la-vida","category-fisiologia-humana","tag-antonio-torralba-rodriguez","tag-carmen-de-la-torre-boronat","tag-jaime-gallego-berenguer","tag-manuel-cruz-hernandez","tag-planas-rosello-joana-maria"],"_links":{"self":[{"href":"https:\/\/www.deberes.net\/tesis\/wp-json\/wp\/v2\/posts\/44135","targetHints":{"allow":["GET"]}}],"collection":[{"href":"https:\/\/www.deberes.net\/tesis\/wp-json\/wp\/v2\/posts"}],"about":[{"href":"https:\/\/www.deberes.net\/tesis\/wp-json\/wp\/v2\/types\/post"}],"author":[{"embeddable":true,"href":"https:\/\/www.deberes.net\/tesis\/wp-json\/wp\/v2\/users\/1"}],"replies":[{"embeddable":true,"href":"https:\/\/www.deberes.net\/tesis\/wp-json\/wp\/v2\/comments?post=44135"}],"version-history":[{"count":0,"href":"https:\/\/www.deberes.net\/tesis\/wp-json\/wp\/v2\/posts\/44135\/revisions"}],"wp:attachment":[{"href":"https:\/\/www.deberes.net\/tesis\/wp-json\/wp\/v2\/media?parent=44135"}],"wp:term":[{"taxonomy":"category","embeddable":true,"href":"https:\/\/www.deberes.net\/tesis\/wp-json\/wp\/v2\/categories?post=44135"},{"taxonomy":"post_tag","embeddable":true,"href":"https:\/\/www.deberes.net\/tesis\/wp-json\/wp\/v2\/tags?post=44135"}],"curies":[{"name":"wp","href":"https:\/\/api.w.org\/{rel}","templated":true}]}}