{"id":44244,"date":"2018-09-29T10:34:36","date_gmt":"2018-09-29T10:34:36","guid":{"rendered":"https:\/\/www.deberes.net\/tesis\/sin-categoria\/ceramicas-a-torno-pintadas-de-andalucia-durante-los-siglos-viii-vi-a-j-c\/"},"modified":"2018-09-29T10:34:36","modified_gmt":"2018-09-29T10:34:36","slug":"ceramicas-a-torno-pintadas-de-andalucia-durante-los-siglos-viii-vi-a-j-c","status":"publish","type":"post","link":"https:\/\/www.deberes.net\/tesis\/historia\/ceramicas-a-torno-pintadas-de-andalucia-durante-los-siglos-viii-vi-a-j-c\/","title":{"rendered":"Ceramicas a torno pintadas de andalucia durante los siglos viii-vi a.j.c."},"content":{"rendered":"<h2>Tesis doctoral de <strong> Mar\u00eda Belen Deamos <\/strong><\/h2>\n<p>La tesis trata del estudio de las ceramicas a torno pintadas de andalucia durante los siglos viii-vi a.J.C.  se estudian los yacimientos peninsulares que tienen relacion con el fenomeno colonizador semita; se incluye un estudio tipologico de la ceramica y se abordan  a traves del mismo  una serie de problemas historicos de relacion entre la peninsula y el proximo oriente a principios del i.Milenio..<\/p>\n<p>&nbsp;<\/p>\n<h3>Datos acad\u00e9micos de la tesis doctoral \u00ab<strong>Ceramicas a torno pintadas de andalucia durante los siglos viii-vi a.j.c.<\/strong>\u00ab<\/h3>\n<ul>\n<li><strong>T\u00edtulo de la tesis:<\/strong>\u00a0 Ceramicas a torno pintadas de andalucia durante los siglos viii-vi a.j.c. <\/li>\n<li><strong>Autor:<\/strong>\u00a0 Mar\u00eda Belen Deamos <\/li>\n<li><strong>Universidad:<\/strong>\u00a0 Complutense de Madrid<\/li>\n<li><strong>Fecha de lectura de la tesis:<\/strong>\u00a0 01\/01\/1978<\/li>\n<\/ul>\n<p>&nbsp;<\/p>\n<h3>Direcci\u00f3n y tribunal<\/h3>\n<ul>\n<li><strong>Director de la tesis<\/strong>\n<ul>\n<li>Martin Almagro Basch<\/li>\n<\/ul>\n<\/li>\n<li><strong>Tribunal<\/strong>\n<ul>\n<li>Presidente del tribunal: Martin Almagro Basch <\/li>\n<li>Jos\u00e9 Mar\u00eda Bl\u00e1zquez Mart\u00ednez (vocal)<\/li>\n<li>Antonio Blanco Freijeiro (vocal)<\/li>\n<li>Martin Almagro Gorbea (vocal)<\/li>\n<\/ul>\n<\/li>\n<\/ul>\n<p>&nbsp;<\/p>\n","protected":false},"excerpt":{"rendered":"<p>Tesis doctoral de Mar\u00eda Belen Deamos La tesis trata del estudio de las ceramicas a torno pintadas de andalucia durante [&hellip;]<\/p>\n","protected":false},"author":1,"featured_media":0,"comment_status":"open","ping_status":"open","sticky":false,"template":"","format":"standard","meta":{"site-sidebar-layout":"default","site-content-layout":"","ast-site-content-layout":"","site-content-style":"default","site-sidebar-style":"default","ast-global-header-display":"","ast-banner-title-visibility":"","ast-main-header-display":"","ast-hfb-above-header-display":"","ast-hfb-below-header-display":"","ast-hfb-mobile-header-display":"","site-post-title":"","ast-breadcrumbs-content":"","ast-featured-img":"","footer-sml-layout":"","theme-transparent-header-meta":"","adv-header-id-meta":"","stick-header-meta":"","header-above-stick-meta":"","header-main-stick-meta":"","header-below-stick-meta":"","astra-migrate-meta-layouts":"default","ast-page-background-enabled":"default","ast-page-background-meta":{"desktop":{"background-color":"var(--ast-global-color-4)","background-image":"","background-repeat":"repeat","background-position":"center center","background-size":"auto","background-attachment":"scroll","background-type":"","background-media":"","overlay-type":"","overlay-color":"","overlay-gradient":""},"tablet":{"background-color":"","background-image":"","background-repeat":"repeat","background-position":"center center","background-size":"auto","background-attachment":"scroll","background-type":"","background-media":"","overlay-type":"","overlay-color":"","overlay-gradient":""},"mobile":{"background-color":"","background-image":"","background-repeat":"repeat","background-position":"center center","background-size":"auto","background-attachment":"scroll","background-type":"","background-media":"","overlay-type":"","overlay-color":"","overlay-gradient":""}},"ast-content-background-meta":{"desktop":{"background-color":"var(--ast-global-color-5)","background-image":"","background-repeat":"repeat","background-position":"center center","background-size":"auto","background-attachment":"scroll","background-type":"","background-media":"","overlay-type":"","overlay-color":"","overlay-gradient":""},"tablet":{"background-color":"var(--ast-global-color-5)","background-image":"","background-repeat":"repeat","background-position":"center center","background-size":"auto","background-attachment":"scroll","background-type":"","background-media":"","overlay-type":"","overlay-color":"","overlay-gradient":""},"mobile":{"background-color":"var(--ast-global-color-5)","background-image":"","background-repeat":"repeat","background-position":"center center","background-size":"auto","background-attachment":"scroll","background-type":"","background-media":"","overlay-type":"","overlay-color":"","overlay-gradient":""}},"footnotes":""},"categories":[1623,1624,104],"tags":[107641,575,11645,107683,6607],"class_list":["post-44244","post","type-post","status-publish","format-standard","hentry","category-arqueologia","category-ciencias-auxiliares-de-la-historia","category-historia","tag-antonio-blanco-freijeiro","tag-jose-maria-blazquez-Martinez","tag-maria-belen-deamos","tag-martin-almagro-basch","tag-martin-almagro-gorbea"],"_links":{"self":[{"href":"https:\/\/www.deberes.net\/tesis\/wp-json\/wp\/v2\/posts\/44244","targetHints":{"allow":["GET"]}}],"collection":[{"href":"https:\/\/www.deberes.net\/tesis\/wp-json\/wp\/v2\/posts"}],"about":[{"href":"https:\/\/www.deberes.net\/tesis\/wp-json\/wp\/v2\/types\/post"}],"author":[{"embeddable":true,"href":"https:\/\/www.deberes.net\/tesis\/wp-json\/wp\/v2\/users\/1"}],"replies":[{"embeddable":true,"href":"https:\/\/www.deberes.net\/tesis\/wp-json\/wp\/v2\/comments?post=44244"}],"version-history":[{"count":0,"href":"https:\/\/www.deberes.net\/tesis\/wp-json\/wp\/v2\/posts\/44244\/revisions"}],"wp:attachment":[{"href":"https:\/\/www.deberes.net\/tesis\/wp-json\/wp\/v2\/media?parent=44244"}],"wp:term":[{"taxonomy":"category","embeddable":true,"href":"https:\/\/www.deberes.net\/tesis\/wp-json\/wp\/v2\/categories?post=44244"},{"taxonomy":"post_tag","embeddable":true,"href":"https:\/\/www.deberes.net\/tesis\/wp-json\/wp\/v2\/tags?post=44244"}],"curies":[{"name":"wp","href":"https:\/\/api.w.org\/{rel}","templated":true}]}}