{"id":44393,"date":"2018-10-24T11:42:36","date_gmt":"2018-10-24T11:42:36","guid":{"rendered":"https:\/\/www.deberes.net\/tesis\/sin-categoria\/estudio-de-las-amplitudes-de-fotoproduccion-de-piones-en-el-borde-de-la-region-fisica\/"},"modified":"2018-10-24T11:42:36","modified_gmt":"2018-10-24T11:42:36","slug":"estudio-de-las-amplitudes-de-fotoproduccion-de-piones-en-el-borde-de-la-region-fisica","status":"publish","type":"post","link":"https:\/\/www.deberes.net\/tesis\/fisica\/estudio-de-las-amplitudes-de-fotoproduccion-de-piones-en-el-borde-de-la-region-fisica\/","title":{"rendered":"Estudio de las amplitudes de fotoproduccion de piones en el borde de la region fisica"},"content":{"rendered":"<h2>Tesis doctoral de <strong> Isabel Mellado Jimenez <\/strong><\/h2>\n<p>El trabajo realizado ha consistido en la determinacion de las amplitudes de fotoproduccion de p +- y sus componentes isoescalares e isovectoriales en las direcciones 0 grados y 180 grados. El metodo seguido esta basado en el uso de relaciones de dispersion modulo-fase en las que la fase de la amplitud se obtiene a partir de una integral dispersiva de su modulo. La determinacion de amplitudes a 0 grados y 180 grados ha permitido separar la contribucion de algunas ondas parciales  y hacer un analisis fenomenologico de las mismas.<\/p>\n<p>&nbsp;<\/p>\n<h3>Datos acad\u00e9micos de la tesis doctoral \u00ab<strong>Estudio de las amplitudes de fotoproduccion de piones en el borde de la region fisica<\/strong>\u00ab<\/h3>\n<ul>\n<li><strong>T\u00edtulo de la tesis:<\/strong>\u00a0 Estudio de las amplitudes de fotoproduccion de piones en el borde de la region fisica <\/li>\n<li><strong>Autor:<\/strong>\u00a0 Isabel Mellado Jimenez <\/li>\n<li><strong>Universidad:<\/strong>\u00a0 Complutense de Madrid<\/li>\n<li><strong>Fecha de lectura de la tesis:<\/strong>\u00a0 01\/01\/1978<\/li>\n<\/ul>\n<p>&nbsp;<\/p>\n<h3>Direcci\u00f3n y tribunal<\/h3>\n<ul>\n<li><strong>Director de la tesis<\/strong>\n<ul>\n<li>Benjamin Carreras Verdaguer<\/li>\n<\/ul>\n<\/li>\n<li><strong>Tribunal<\/strong>\n<ul>\n<li>Presidente del tribunal: Armando Duran Miranda <\/li>\n<li>Ram\u00f3n Fern\u00e1ndez \u00e1lvarez-estrada (vocal)<\/li>\n<li> Fernandez-ra\u00f1ada Menendez De Luarca Antonio (vocal)<\/li>\n<li> Sanchez Gomez Jos\u00e9 Luis (vocal)<\/li>\n<\/ul>\n<\/li>\n<\/ul>\n<p>&nbsp;<\/p>\n","protected":false},"excerpt":{"rendered":"<p>Tesis doctoral de Isabel Mellado Jimenez El trabajo realizado ha consistido en la determinacion de las amplitudes de fotoproduccion de [&hellip;]<\/p>\n","protected":false},"author":1,"featured_media":0,"comment_status":"open","ping_status":"open","sticky":false,"template":"","format":"standard","meta":{"site-sidebar-layout":"default","site-content-layout":"","ast-site-content-layout":"","site-content-style":"default","site-sidebar-style":"default","ast-global-header-display":"","ast-banner-title-visibility":"","ast-main-header-display":"","ast-hfb-above-header-display":"","ast-hfb-below-header-display":"","ast-hfb-mobile-header-display":"","site-post-title":"","ast-breadcrumbs-content":"","ast-featured-img":"","footer-sml-layout":"","theme-transparent-header-meta":"","adv-header-id-meta":"","stick-header-meta":"","header-above-stick-meta":"","header-main-stick-meta":"","header-below-stick-meta":"","astra-migrate-meta-layouts":"default","ast-page-background-enabled":"default","ast-page-background-meta":{"desktop":{"background-color":"var(--ast-global-color-4)","background-image":"","background-repeat":"repeat","background-position":"center center","background-size":"auto","background-attachment":"scroll","background-type":"","background-media":"","overlay-type":"","overlay-color":"","overlay-gradient":""},"tablet":{"background-color":"","background-image":"","background-repeat":"repeat","background-position":"center center","background-size":"auto","background-attachment":"scroll","background-type":"","background-media":"","overlay-type":"","overlay-color":"","overlay-gradient":""},"mobile":{"background-color":"","background-image":"","background-repeat":"repeat","background-position":"center center","background-size":"auto","background-attachment":"scroll","background-type":"","background-media":"","overlay-type":"","overlay-color":"","overlay-gradient":""}},"ast-content-background-meta":{"desktop":{"background-color":"var(--ast-global-color-5)","background-image":"","background-repeat":"repeat","background-position":"center center","background-size":"auto","background-attachment":"scroll","background-type":"","background-media":"","overlay-type":"","overlay-color":"","overlay-gradient":""},"tablet":{"background-color":"var(--ast-global-color-5)","background-image":"","background-repeat":"repeat","background-position":"center center","background-size":"auto","background-attachment":"scroll","background-type":"","background-media":"","overlay-type":"","overlay-color":"","overlay-gradient":""},"mobile":{"background-color":"var(--ast-global-color-5)","background-image":"","background-repeat":"repeat","background-position":"center center","background-size":"auto","background-attachment":"scroll","background-type":"","background-media":"","overlay-type":"","overlay-color":"","overlay-gradient":""}},"footnotes":""},"categories":[199,2781,2783],"tags":[107605,109099,3877,109098,7439,15350],"class_list":["post-44393","post","type-post","status-publish","format-standard","hentry","category-fisica","category-fisica-de-particulas","category-nucleonica","tag-armando-duran-miranda","tag-benjamin-carreras-verdaguer","tag-fernandez-ranada-menendez-de-luarca-antonio","tag-isabel-mellado-jimenez","tag-ramon-fernandez-alvarez-estrada","tag-sanchez-gomez-jose-luis"],"_links":{"self":[{"href":"https:\/\/www.deberes.net\/tesis\/wp-json\/wp\/v2\/posts\/44393","targetHints":{"allow":["GET"]}}],"collection":[{"href":"https:\/\/www.deberes.net\/tesis\/wp-json\/wp\/v2\/posts"}],"about":[{"href":"https:\/\/www.deberes.net\/tesis\/wp-json\/wp\/v2\/types\/post"}],"author":[{"embeddable":true,"href":"https:\/\/www.deberes.net\/tesis\/wp-json\/wp\/v2\/users\/1"}],"replies":[{"embeddable":true,"href":"https:\/\/www.deberes.net\/tesis\/wp-json\/wp\/v2\/comments?post=44393"}],"version-history":[{"count":0,"href":"https:\/\/www.deberes.net\/tesis\/wp-json\/wp\/v2\/posts\/44393\/revisions"}],"wp:attachment":[{"href":"https:\/\/www.deberes.net\/tesis\/wp-json\/wp\/v2\/media?parent=44393"}],"wp:term":[{"taxonomy":"category","embeddable":true,"href":"https:\/\/www.deberes.net\/tesis\/wp-json\/wp\/v2\/categories?post=44393"},{"taxonomy":"post_tag","embeddable":true,"href":"https:\/\/www.deberes.net\/tesis\/wp-json\/wp\/v2\/tags?post=44393"}],"curies":[{"name":"wp","href":"https:\/\/api.w.org\/{rel}","templated":true}]}}