{"id":44580,"date":"2018-11-25T10:55:20","date_gmt":"2018-11-25T10:55:20","guid":{"rendered":"https:\/\/www.deberes.net\/tesis\/sin-categoria\/el-argolico-occidental-y-oriental-en-las-inscripciones-de-los-siglos-vii-vi-y-v-a-c\/"},"modified":"2018-11-25T10:55:20","modified_gmt":"2018-11-25T10:55:20","slug":"el-argolico-occidental-y-oriental-en-las-inscripciones-de-los-siglos-vii-vi-y-v-a-c","status":"publish","type":"post","link":"https:\/\/www.deberes.net\/tesis\/linguistica\/el-argolico-occidental-y-oriental-en-las-inscripciones-de-los-siglos-vii-vi-y-v-a-c\/","title":{"rendered":"El argolico occidental y oriental en las inscripciones de los siglos vii, vi y v. a.c."},"content":{"rendered":"<h2>Tesis doctoral de <strong>  Fernandez Alvarez M. Pilar <\/strong><\/h2>\n<p>Se ofrecen  en ler  lugar  en sintesis cronologica los intentos de explicacion de la genesis dialectal griega en general y de los llamados dialectos dorios en particular.  en el cuerpo central de la tesis se examinan y estudian todas las particularidades foneticas y formologicas que registran las inscripciones epicoricas de ambas argolides de los siglos vii  vi y v a.C. Su analisis nos lleva a diferenciar el argolico occidental  conservador y arcaizante  del oriental  de caracter abierto e innovador. El hecho de no presentar ninguna innovacion exclusiva el argolico occidental y oriental  sin compartirlos con otros dialectos  nos sugiere la siguiente hipotesis: para explicar el proceso de diferenciacion de los dos dialectos de la argolide es mas economico partir del protogriego y considerar a ambas comunidades linguisticas habitando desde un principio en sus lugares de asentamiento historico  conservando los arcaismos  admitiendo las elecciones y aceptando las innovaciones  al compas y en estrecho contacto con los demas dialectos. No parece tan natural y economico  como factor de diferenciacion  el acudir a un sustrato que operarse sobre el protodorio traido por los dorios en su pretndida invasion.<\/p>\n<p>&nbsp;<\/p>\n<h3>Datos acad\u00e9micos de la tesis doctoral \u00ab<strong>El argolico occidental y oriental en las inscripciones de los siglos vii, vi y v. a.c.<\/strong>\u00ab<\/h3>\n<ul>\n<li><strong>T\u00edtulo de la tesis:<\/strong>\u00a0 El argolico occidental y oriental en las inscripciones de los siglos vii, vi y v. a.c. <\/li>\n<li><strong>Autor:<\/strong>\u00a0  Fernandez Alvarez M. Pilar <\/li>\n<li><strong>Universidad:<\/strong>\u00a0 Salamanca<\/li>\n<li><strong>Fecha de lectura de la tesis:<\/strong>\u00a0 01\/01\/1978<\/li>\n<\/ul>\n<p>&nbsp;<\/p>\n<h3>Direcci\u00f3n y tribunal<\/h3>\n<ul>\n<li><strong>Director de la tesis<\/strong>\n<ul>\n<li>Luis Mitxelena Elissalt<\/li>\n<\/ul>\n<\/li>\n<li><strong>Tribunal<\/strong>\n<ul>\n<li>Presidente del tribunal: Luis Mitxelena Elisalt <\/li>\n<li> Hoz Bravo JavierDe (vocal)<\/li>\n<li>Mart\u00edn Ruip\u00e9rez S\u00e1nchez (vocal)<\/li>\n<li>Antonio Lopez Eire (vocal)<\/li>\n<\/ul>\n<\/li>\n<\/ul>\n<p>&nbsp;<\/p>\n","protected":false},"excerpt":{"rendered":"<p>Tesis doctoral de Fernandez Alvarez M. Pilar Se ofrecen en ler lugar en sintesis cronologica los intentos de explicacion de [&hellip;]<\/p>\n","protected":false},"author":1,"featured_media":0,"comment_status":"open","ping_status":"open","sticky":false,"template":"","format":"standard","meta":{"site-sidebar-layout":"default","site-content-layout":"","ast-site-content-layout":"","site-content-style":"default","site-sidebar-style":"default","ast-global-header-display":"","ast-banner-title-visibility":"","ast-main-header-display":"","ast-hfb-above-header-display":"","ast-hfb-below-header-display":"","ast-hfb-mobile-header-display":"","site-post-title":"","ast-breadcrumbs-content":"","ast-featured-img":"","footer-sml-layout":"","theme-transparent-header-meta":"","adv-header-id-meta":"","stick-header-meta":"","header-above-stick-meta":"","header-main-stick-meta":"","header-below-stick-meta":"","astra-migrate-meta-layouts":"default","ast-page-background-enabled":"default","ast-page-background-meta":{"desktop":{"background-color":"var(--ast-global-color-4)","background-image":"","background-repeat":"repeat","background-position":"center center","background-size":"auto","background-attachment":"scroll","background-type":"","background-media":"","overlay-type":"","overlay-color":"","overlay-gradient":""},"tablet":{"background-color":"","background-image":"","background-repeat":"repeat","background-position":"center center","background-size":"auto","background-attachment":"scroll","background-type":"","background-media":"","overlay-type":"","overlay-color":"","overlay-gradient":""},"mobile":{"background-color":"","background-image":"","background-repeat":"repeat","background-position":"center center","background-size":"auto","background-attachment":"scroll","background-type":"","background-media":"","overlay-type":"","overlay-color":"","overlay-gradient":""}},"ast-content-background-meta":{"desktop":{"background-color":"var(--ast-global-color-5)","background-image":"","background-repeat":"repeat","background-position":"center center","background-size":"auto","background-attachment":"scroll","background-type":"","background-media":"","overlay-type":"","overlay-color":"","overlay-gradient":""},"tablet":{"background-color":"var(--ast-global-color-5)","background-image":"","background-repeat":"repeat","background-position":"center center","background-size":"auto","background-attachment":"scroll","background-type":"","background-media":"","overlay-type":"","overlay-color":"","overlay-gradient":""},"mobile":{"background-color":"var(--ast-global-color-5)","background-image":"","background-repeat":"repeat","background-position":"center center","background-size":"auto","background-attachment":"scroll","background-type":"","background-media":"","overlay-type":"","overlay-color":"","overlay-gradient":""}},"footnotes":""},"categories":[424,59,62,9386],"tags":[9669,109302,23043,109273,109272,11569],"class_list":["post-44580","post","type-post","status-publish","format-standard","hentry","category-fonologia","category-linguistica","category-linguistica-sincronica","category-salamanca","tag-antonio-lopez-eire","tag-fernandez-alvarez-m-pilar","tag-hoz-bravo-javierde","tag-luis-mitxelena-elisalt","tag-luis-mitxelena-elissalt","tag-martin-ruiperez-sanchez"],"_links":{"self":[{"href":"https:\/\/www.deberes.net\/tesis\/wp-json\/wp\/v2\/posts\/44580","targetHints":{"allow":["GET"]}}],"collection":[{"href":"https:\/\/www.deberes.net\/tesis\/wp-json\/wp\/v2\/posts"}],"about":[{"href":"https:\/\/www.deberes.net\/tesis\/wp-json\/wp\/v2\/types\/post"}],"author":[{"embeddable":true,"href":"https:\/\/www.deberes.net\/tesis\/wp-json\/wp\/v2\/users\/1"}],"replies":[{"embeddable":true,"href":"https:\/\/www.deberes.net\/tesis\/wp-json\/wp\/v2\/comments?post=44580"}],"version-history":[{"count":0,"href":"https:\/\/www.deberes.net\/tesis\/wp-json\/wp\/v2\/posts\/44580\/revisions"}],"wp:attachment":[{"href":"https:\/\/www.deberes.net\/tesis\/wp-json\/wp\/v2\/media?parent=44580"}],"wp:term":[{"taxonomy":"category","embeddable":true,"href":"https:\/\/www.deberes.net\/tesis\/wp-json\/wp\/v2\/categories?post=44580"},{"taxonomy":"post_tag","embeddable":true,"href":"https:\/\/www.deberes.net\/tesis\/wp-json\/wp\/v2\/tags?post=44580"}],"curies":[{"name":"wp","href":"https:\/\/api.w.org\/{rel}","templated":true}]}}