{"id":44588,"date":"2018-11-26T20:09:30","date_gmt":"2018-11-26T20:09:30","guid":{"rendered":"https:\/\/www.deberes.net\/tesis\/sin-categoria\/lexico-politico-y-social-en-espana-durante-la-segunda-republica\/"},"modified":"2018-11-26T20:09:30","modified_gmt":"2018-11-26T20:09:30","slug":"lexico-politico-y-social-en-espana-durante-la-segunda-republica","status":"publish","type":"post","link":"https:\/\/www.deberes.net\/tesis\/linguistica\/lexico-politico-y-social-en-espana-durante-la-segunda-republica\/","title":{"rendered":"Lexico politico y social en espa\u00f1a durante la segunda republica."},"content":{"rendered":"<h2>Tesis doctoral de <strong> Juan  Felipe Garc\u00eda Santos <\/strong><\/h2>\n<p>El trabajo se titula  lexico politico y social en espa\u00f1a durante la ii republica (1931-1936) . Se incluye en el campo de la lexicolog\u00eda y entronca con otros sobre el mismo tema de autores franceses y espa\u00f1oles  aportando el nuestro  ademas de el estudio de una parcela lexica de un periodo historico aun no abordado  algunas novedades de tipo metodologico. El trabajo -1280 paginas mecanografiadas a doble espacio consta de seis capitulos que constituyen otros tantos campos lexicos  cuyos terminos basicos son: politica  sindicato  partido y clase; terminos que designan doctrinas y sistemas politicos; poder  autoridad  gobierno  estado nacion espa\u00f1a  patria y revolucion.<\/p>\n<p>&nbsp;<\/p>\n<h3>Datos acad\u00e9micos de la tesis doctoral \u00ab<strong>Lexico politico y social en espa\u00f1a durante la segunda republica.<\/strong>\u00ab<\/h3>\n<ul>\n<li><strong>T\u00edtulo de la tesis:<\/strong>\u00a0 Lexico politico y social en espa\u00f1a durante la segunda republica. <\/li>\n<li><strong>Autor:<\/strong>\u00a0 Juan  Felipe Garc\u00eda Santos <\/li>\n<li><strong>Universidad:<\/strong>\u00a0 Salamanca<\/li>\n<li><strong>Fecha de lectura de la tesis:<\/strong>\u00a0 01\/01\/1978<\/li>\n<\/ul>\n<p>&nbsp;<\/p>\n<h3>Direcci\u00f3n y tribunal<\/h3>\n<ul>\n<li><strong>Director de la tesis<\/strong>\n<ul>\n<li>Eugenio Bustos Tovar<\/li>\n<\/ul>\n<\/li>\n<li><strong>Tribunal<\/strong>\n<ul>\n<li>Presidente del tribunal:  Bustos Tovar Eugenio De <\/li>\n<li>Pedro De Vega Garcia (vocal)<\/li>\n<li>Antonio Llorente Maldonado (vocal)<\/li>\n<li>Lidio Nieto Jimenez (vocal)<\/li>\n<\/ul>\n<\/li>\n<\/ul>\n<p>&nbsp;<\/p>\n","protected":false},"excerpt":{"rendered":"<p>Tesis doctoral de Juan Felipe Garc\u00eda Santos El trabajo se titula lexico politico y social en espa\u00f1a durante la ii [&hellip;]<\/p>\n","protected":false},"author":1,"featured_media":0,"comment_status":"open","ping_status":"open","sticky":false,"template":"","format":"standard","meta":{"site-sidebar-layout":"default","site-content-layout":"","ast-site-content-layout":"","site-content-style":"default","site-sidebar-style":"default","ast-global-header-display":"","ast-banner-title-visibility":"","ast-main-header-display":"","ast-hfb-above-header-display":"","ast-hfb-below-header-display":"","ast-hfb-mobile-header-display":"","site-post-title":"","ast-breadcrumbs-content":"","ast-featured-img":"","footer-sml-layout":"","theme-transparent-header-meta":"","adv-header-id-meta":"","stick-header-meta":"","header-above-stick-meta":"","header-main-stick-meta":"","header-below-stick-meta":"","astra-migrate-meta-layouts":"default","ast-page-background-enabled":"default","ast-page-background-meta":{"desktop":{"background-color":"var(--ast-global-color-4)","background-image":"","background-repeat":"repeat","background-position":"center center","background-size":"auto","background-attachment":"scroll","background-type":"","background-media":"","overlay-type":"","overlay-color":"","overlay-gradient":""},"tablet":{"background-color":"","background-image":"","background-repeat":"repeat","background-position":"center center","background-size":"auto","background-attachment":"scroll","background-type":"","background-media":"","overlay-type":"","overlay-color":"","overlay-gradient":""},"mobile":{"background-color":"","background-image":"","background-repeat":"repeat","background-position":"center center","background-size":"auto","background-attachment":"scroll","background-type":"","background-media":"","overlay-type":"","overlay-color":"","overlay-gradient":""}},"ast-content-background-meta":{"desktop":{"background-color":"var(--ast-global-color-5)","background-image":"","background-repeat":"repeat","background-position":"center center","background-size":"auto","background-attachment":"scroll","background-type":"","background-media":"","overlay-type":"","overlay-color":"","overlay-gradient":""},"tablet":{"background-color":"var(--ast-global-color-5)","background-image":"","background-repeat":"repeat","background-position":"center center","background-size":"auto","background-attachment":"scroll","background-type":"","background-media":"","overlay-type":"","overlay-color":"","overlay-gradient":""},"mobile":{"background-color":"var(--ast-global-color-5)","background-image":"","background-repeat":"repeat","background-position":"center center","background-size":"auto","background-attachment":"scroll","background-type":"","background-media":"","overlay-type":"","overlay-color":"","overlay-gradient":""}},"footnotes":""},"categories":[838,19868,61,59,62,9386,6408],"tags":[94324,25660,25722,21473,33113,9449],"class_list":["post-44588","post","type-post","status-publish","format-standard","hentry","category-ciencia-politica","category-lenguas","category-lexicologia","category-linguistica","category-linguistica-sincronica","category-salamanca","category-sociologia-politica","tag-antonio-llorente-maldonado","tag-bustos-tovar-eugenio-de","tag-eugenio-bustos-tovar","tag-juan-felipe-garcia-santos","tag-lidio-nieto-jimenez","tag-pedro-de-vega-garcia"],"_links":{"self":[{"href":"https:\/\/www.deberes.net\/tesis\/wp-json\/wp\/v2\/posts\/44588","targetHints":{"allow":["GET"]}}],"collection":[{"href":"https:\/\/www.deberes.net\/tesis\/wp-json\/wp\/v2\/posts"}],"about":[{"href":"https:\/\/www.deberes.net\/tesis\/wp-json\/wp\/v2\/types\/post"}],"author":[{"embeddable":true,"href":"https:\/\/www.deberes.net\/tesis\/wp-json\/wp\/v2\/users\/1"}],"replies":[{"embeddable":true,"href":"https:\/\/www.deberes.net\/tesis\/wp-json\/wp\/v2\/comments?post=44588"}],"version-history":[{"count":0,"href":"https:\/\/www.deberes.net\/tesis\/wp-json\/wp\/v2\/posts\/44588\/revisions"}],"wp:attachment":[{"href":"https:\/\/www.deberes.net\/tesis\/wp-json\/wp\/v2\/media?parent=44588"}],"wp:term":[{"taxonomy":"category","embeddable":true,"href":"https:\/\/www.deberes.net\/tesis\/wp-json\/wp\/v2\/categories?post=44588"},{"taxonomy":"post_tag","embeddable":true,"href":"https:\/\/www.deberes.net\/tesis\/wp-json\/wp\/v2\/tags?post=44588"}],"curies":[{"name":"wp","href":"https:\/\/api.w.org\/{rel}","templated":true}]}}