{"id":44592,"date":"2018-11-27T12:56:37","date_gmt":"2018-11-27T12:56:37","guid":{"rendered":"https:\/\/www.deberes.net\/tesis\/sin-categoria\/la-institucion-decimal-en-castilla-y-leon-s-xii-xiii\/"},"modified":"2018-11-27T12:56:37","modified_gmt":"2018-11-27T12:56:37","slug":"la-institucion-decimal-en-castilla-y-leon-s-xii-xiii","status":"publish","type":"post","link":"https:\/\/www.deberes.net\/tesis\/historia\/la-institucion-decimal-en-castilla-y-leon-s-xii-xiii\/","title":{"rendered":"La institucion decimal en castilla y leon, s. xii-xiii."},"content":{"rendered":"<h2>Tesis doctoral de <strong>  Guadalupe Beraza M. Luisa <\/strong><\/h2>\n<p>Se ha estudiado el diezmo  su clasificacion  las personas afectadas por el mismo  los productos sujetos al pago  la tasa en la que era exigido  los beneficiarios y la forma de pago  tanto en la legislacion canonica como civil castellano-leonesa para comprobar en que medida la practica decimal en castilla-leon durante los siglos xii y xii estuvo acordada con oda la normativa creada al efecto de fortalecer la institucion.<\/p>\n<p>&nbsp;<\/p>\n<h3>Datos acad\u00e9micos de la tesis doctoral \u00ab<strong>La institucion decimal en castilla y leon, s. xii-xiii.<\/strong>\u00ab<\/h3>\n<ul>\n<li><strong>T\u00edtulo de la tesis:<\/strong>\u00a0 La institucion decimal en castilla y leon, s. xii-xiii. <\/li>\n<li><strong>Autor:<\/strong>\u00a0  Guadalupe Beraza M. Luisa <\/li>\n<li><strong>Universidad:<\/strong>\u00a0 Salamanca<\/li>\n<li><strong>Fecha de lectura de la tesis:<\/strong>\u00a0 01\/01\/1978<\/li>\n<\/ul>\n<p>&nbsp;<\/p>\n<h3>Direcci\u00f3n y tribunal<\/h3>\n<ul>\n<li><strong>Director de la tesis<\/strong>\n<ul>\n<li>Jos\u00e9 Luis Mart\u00edn Rodr\u00edguez<\/li>\n<\/ul>\n<\/li>\n<li><strong>Tribunal<\/strong>\n<ul>\n<li>Presidente del tribunal: Jos\u00e9 Luis Mart\u00edn Rodr\u00edguez <\/li>\n<li>Julio Valde\u00f3n Baruque (vocal)<\/li>\n<li>Manuel Fernandez \u00e1lvarez (vocal)<\/li>\n<li>Marcelo Vigil Pascual (vocal)<\/li>\n<\/ul>\n<\/li>\n<\/ul>\n<p>&nbsp;<\/p>\n","protected":false},"excerpt":{"rendered":"<p>Tesis doctoral de Guadalupe Beraza M. Luisa Se ha estudiado el diezmo su clasificacion las personas afectadas por el mismo [&hellip;]<\/p>\n","protected":false},"author":1,"featured_media":0,"comment_status":"open","ping_status":"open","sticky":false,"template":"","format":"standard","meta":{"site-sidebar-layout":"default","site-content-layout":"","ast-site-content-layout":"","site-content-style":"default","site-sidebar-style":"default","ast-global-header-display":"","ast-banner-title-visibility":"","ast-main-header-display":"","ast-hfb-above-header-display":"","ast-hfb-below-header-display":"","ast-hfb-mobile-header-display":"","site-post-title":"","ast-breadcrumbs-content":"","ast-featured-img":"","footer-sml-layout":"","theme-transparent-header-meta":"","adv-header-id-meta":"","stick-header-meta":"","header-above-stick-meta":"","header-main-stick-meta":"","header-below-stick-meta":"","astra-migrate-meta-layouts":"default","ast-page-background-enabled":"default","ast-page-background-meta":{"desktop":{"background-color":"var(--ast-global-color-4)","background-image":"","background-repeat":"repeat","background-position":"center center","background-size":"auto","background-attachment":"scroll","background-type":"","background-media":"","overlay-type":"","overlay-color":"","overlay-gradient":""},"tablet":{"background-color":"","background-image":"","background-repeat":"repeat","background-position":"center center","background-size":"auto","background-attachment":"scroll","background-type":"","background-media":"","overlay-type":"","overlay-color":"","overlay-gradient":""},"mobile":{"background-color":"","background-image":"","background-repeat":"repeat","background-position":"center center","background-size":"auto","background-attachment":"scroll","background-type":"","background-media":"","overlay-type":"","overlay-color":"","overlay-gradient":""}},"ast-content-background-meta":{"desktop":{"background-color":"var(--ast-global-color-5)","background-image":"","background-repeat":"repeat","background-position":"center center","background-size":"auto","background-attachment":"scroll","background-type":"","background-media":"","overlay-type":"","overlay-color":"","overlay-gradient":""},"tablet":{"background-color":"var(--ast-global-color-5)","background-image":"","background-repeat":"repeat","background-position":"center center","background-size":"auto","background-attachment":"scroll","background-type":"","background-media":"","overlay-type":"","overlay-color":"","overlay-gradient":""},"mobile":{"background-color":"var(--ast-global-color-5)","background-image":"","background-repeat":"repeat","background-position":"center center","background-size":"auto","background-attachment":"scroll","background-type":"","background-media":"","overlay-type":"","overlay-color":"","overlay-gradient":""}},"footnotes":""},"categories":[104,106,105,9386],"tags":[109312,422,12714,108132,109275],"class_list":["post-44592","post","type-post","status-publish","format-standard","hentry","category-historia","category-historia-general","category-monografias-historicas","category-salamanca","tag-guadalupe-beraza-m-luisa","tag-jose-luis-martin-rodriguez","tag-julio-valdeon-baruque","tag-manuel-fernandez-alvarez","tag-marcelo-vigil-pascual"],"_links":{"self":[{"href":"https:\/\/www.deberes.net\/tesis\/wp-json\/wp\/v2\/posts\/44592","targetHints":{"allow":["GET"]}}],"collection":[{"href":"https:\/\/www.deberes.net\/tesis\/wp-json\/wp\/v2\/posts"}],"about":[{"href":"https:\/\/www.deberes.net\/tesis\/wp-json\/wp\/v2\/types\/post"}],"author":[{"embeddable":true,"href":"https:\/\/www.deberes.net\/tesis\/wp-json\/wp\/v2\/users\/1"}],"replies":[{"embeddable":true,"href":"https:\/\/www.deberes.net\/tesis\/wp-json\/wp\/v2\/comments?post=44592"}],"version-history":[{"count":0,"href":"https:\/\/www.deberes.net\/tesis\/wp-json\/wp\/v2\/posts\/44592\/revisions"}],"wp:attachment":[{"href":"https:\/\/www.deberes.net\/tesis\/wp-json\/wp\/v2\/media?parent=44592"}],"wp:term":[{"taxonomy":"category","embeddable":true,"href":"https:\/\/www.deberes.net\/tesis\/wp-json\/wp\/v2\/categories?post=44592"},{"taxonomy":"post_tag","embeddable":true,"href":"https:\/\/www.deberes.net\/tesis\/wp-json\/wp\/v2\/tags?post=44592"}],"curies":[{"name":"wp","href":"https:\/\/api.w.org\/{rel}","templated":true}]}}