{"id":44884,"date":"2019-01-20T06:51:41","date_gmt":"2019-01-20T06:51:41","guid":{"rendered":"https:\/\/www.deberes.net\/tesis\/sin-categoria\/el-habla-de-higuera-de-vargas-badajoz\/"},"modified":"2019-01-20T06:51:41","modified_gmt":"2019-01-20T06:51:41","slug":"el-habla-de-higuera-de-vargas-badajoz","status":"publish","type":"post","link":"https:\/\/www.deberes.net\/tesis\/linguistica\/el-habla-de-higuera-de-vargas-badajoz\/","title":{"rendered":"El habla de higuera de vargas (badajoz)."},"content":{"rendered":"<h2>Tesis doctoral de <strong> Eugenio Cort\u00e9s  G\u00f3mez <\/strong><\/h2>\n<p>Estudio del habla del pueblo extreme\u00f1o mencionado.  refleja las peculiaridades del mismo en los aspectos foneticos  morfologicos y sintacticos  que junto al lexico empleado caracteriza los higuere\u00f1os por su extreme\u00f1ismo particular  diferenciandose del que se estudia en los autores que han tratado el tema y sirviendo de puente al andaluz fronterizo al que influye y del que se ve influido. Paralelamente  y a traves de la bibliografia consultada  se compara con los diversos dialectos que componen el espa\u00f1ol.<\/p>\n<p>&nbsp;<\/p>\n<h3>Datos acad\u00e9micos de la tesis doctoral \u00ab<strong>El habla de higuera de vargas (badajoz).<\/strong>\u00ab<\/h3>\n<ul>\n<li><strong>T\u00edtulo de la tesis:<\/strong>\u00a0 El habla de higuera de vargas (badajoz). <\/li>\n<li><strong>Autor:<\/strong>\u00a0 Eugenio Cort\u00e9s  G\u00f3mez <\/li>\n<li><strong>Universidad:<\/strong>\u00a0 Zaragoza<\/li>\n<li><strong>Fecha de lectura de la tesis:<\/strong>\u00a0 01\/01\/1978<\/li>\n<\/ul>\n<p>&nbsp;<\/p>\n<h3>Direcci\u00f3n y tribunal<\/h3>\n<ul>\n<li><strong>Director de la tesis<\/strong>\n<ul>\n<li>Tomas Buesa Oliver<\/li>\n<\/ul>\n<\/li>\n<li><strong>Tribunal<\/strong>\n<ul>\n<li>Presidente del tribunal: Tomas Buesa Oliver <\/li>\n<li>Gregorio Salvador Caja (vocal)<\/li>\n<li>Felix Monge Casao (vocal)<\/li>\n<li> Garcia De La Concha Victor (vocal)<\/li>\n<\/ul>\n<\/li>\n<\/ul>\n<p>&nbsp;<\/p>\n","protected":false},"excerpt":{"rendered":"<p>Tesis doctoral de Eugenio Cort\u00e9s G\u00f3mez Estudio del habla del pueblo extreme\u00f1o mencionado. refleja las peculiaridades del mismo en los [&hellip;]<\/p>\n","protected":false},"author":1,"featured_media":0,"comment_status":"open","ping_status":"open","sticky":false,"template":"","format":"standard","meta":{"site-sidebar-layout":"default","site-content-layout":"","ast-site-content-layout":"","site-content-style":"default","site-sidebar-style":"default","ast-global-header-display":"","ast-banner-title-visibility":"","ast-main-header-display":"","ast-hfb-above-header-display":"","ast-hfb-below-header-display":"","ast-hfb-mobile-header-display":"","site-post-title":"","ast-breadcrumbs-content":"","ast-featured-img":"","footer-sml-layout":"","theme-transparent-header-meta":"","adv-header-id-meta":"","stick-header-meta":"","header-above-stick-meta":"","header-main-stick-meta":"","header-below-stick-meta":"","astra-migrate-meta-layouts":"default","ast-page-background-enabled":"default","ast-page-background-meta":{"desktop":{"background-color":"var(--ast-global-color-4)","background-image":"","background-repeat":"repeat","background-position":"center center","background-size":"auto","background-attachment":"scroll","background-type":"","background-media":"","overlay-type":"","overlay-color":"","overlay-gradient":""},"tablet":{"background-color":"","background-image":"","background-repeat":"repeat","background-position":"center center","background-size":"auto","background-attachment":"scroll","background-type":"","background-media":"","overlay-type":"","overlay-color":"","overlay-gradient":""},"mobile":{"background-color":"","background-image":"","background-repeat":"repeat","background-position":"center center","background-size":"auto","background-attachment":"scroll","background-type":"","background-media":"","overlay-type":"","overlay-color":"","overlay-gradient":""}},"ast-content-background-meta":{"desktop":{"background-color":"var(--ast-global-color-5)","background-image":"","background-repeat":"repeat","background-position":"center center","background-size":"auto","background-attachment":"scroll","background-type":"","background-media":"","overlay-type":"","overlay-color":"","overlay-gradient":""},"tablet":{"background-color":"var(--ast-global-color-5)","background-image":"","background-repeat":"repeat","background-position":"center center","background-size":"auto","background-attachment":"scroll","background-type":"","background-media":"","overlay-type":"","overlay-color":"","overlay-gradient":""},"mobile":{"background-color":"var(--ast-global-color-5)","background-image":"","background-repeat":"repeat","background-position":"center center","background-size":"auto","background-attachment":"scroll","background-type":"","background-media":"","overlay-type":"","overlay-color":"","overlay-gradient":""}},"footnotes":""},"categories":[10487,59,62,13610],"tags":[55738,1622,3334,5203,95851],"class_list":["post-44884","post","type-post","status-publish","format-standard","hentry","category-fonetica","category-linguistica","category-linguistica-sincronica","category-zaragoza","tag-eugenio-cortes-gomez","tag-felix-monge-casao","tag-garcia-de-la-concha-victor","tag-gregorio-salvador-caja","tag-tomas-buesa-oliver"],"_links":{"self":[{"href":"https:\/\/www.deberes.net\/tesis\/wp-json\/wp\/v2\/posts\/44884","targetHints":{"allow":["GET"]}}],"collection":[{"href":"https:\/\/www.deberes.net\/tesis\/wp-json\/wp\/v2\/posts"}],"about":[{"href":"https:\/\/www.deberes.net\/tesis\/wp-json\/wp\/v2\/types\/post"}],"author":[{"embeddable":true,"href":"https:\/\/www.deberes.net\/tesis\/wp-json\/wp\/v2\/users\/1"}],"replies":[{"embeddable":true,"href":"https:\/\/www.deberes.net\/tesis\/wp-json\/wp\/v2\/comments?post=44884"}],"version-history":[{"count":0,"href":"https:\/\/www.deberes.net\/tesis\/wp-json\/wp\/v2\/posts\/44884\/revisions"}],"wp:attachment":[{"href":"https:\/\/www.deberes.net\/tesis\/wp-json\/wp\/v2\/media?parent=44884"}],"wp:term":[{"taxonomy":"category","embeddable":true,"href":"https:\/\/www.deberes.net\/tesis\/wp-json\/wp\/v2\/categories?post=44884"},{"taxonomy":"post_tag","embeddable":true,"href":"https:\/\/www.deberes.net\/tesis\/wp-json\/wp\/v2\/tags?post=44884"}],"curies":[{"name":"wp","href":"https:\/\/api.w.org\/{rel}","templated":true}]}}