{"id":45243,"date":"2019-04-17T11:32:46","date_gmt":"2019-04-17T11:32:46","guid":{"rendered":"https:\/\/www.deberes.net\/tesis\/sin-categoria\/estudio-sobre-la-propagacion-vegetativa-del-castano-por-injerto-en-fases-juveniles\/"},"modified":"2019-04-17T11:32:46","modified_gmt":"2019-04-17T11:32:46","slug":"estudio-sobre-la-propagacion-vegetativa-del-castano-por-injerto-en-fases-juveniles","status":"publish","type":"post","link":"https:\/\/www.deberes.net\/tesis\/ciencias-agrarias\/estudio-sobre-la-propagacion-vegetativa-del-castano-por-injerto-en-fases-juveniles\/","title":{"rendered":"Estudio sobre la propagacion vegetativa del casta\u00f1o por injerto en fases juveniles"},"content":{"rendered":"<h2>Tesis doctoral de <strong>  Vietez Madri\u00f1an M. Luisa <\/strong><\/h2>\n<p>Se estudian las posibilidades de propagacion de casta\u00f1os resistentes a las enfermedades de la tinta y chancro mediante injertos con patrones juveniles: casta\u00f1as en su fase de germinacion y plantulas de casta\u00f1os. Se investiga asimismo el efecto de hormonas en el injerto sobre casta\u00f1as germinadas  asi como el efecto del patron y la pua en el caso de las plantulas  utilizando para esto diversos tipos de patrones y puas se encuentra una mayor efectividad en los injertos sobre plantulas que sobre casta\u00f1as germinadas  tanto en el porcentaje de injertos prendidos como en el crecimiento posterior de los nuevos casta\u00f1os  correspondiendo los maximos redimientos a las combinaciones: h.S.-H.S. Y castanea crenata-h. S. La aplicacion de tratamientos hormonales en los injertos sobre casta\u00f1as germinadas no muestra efectos beneficiosos. El injerto sobre plantulas constituye un metodo idoneo para la multiplicacion de clones de casta\u00f1os.<\/p>\n<p>&nbsp;<\/p>\n<h3>Datos acad\u00e9micos de la tesis doctoral \u00ab<strong>Estudio sobre la propagacion vegetativa del casta\u00f1o por injerto en fases juveniles<\/strong>\u00ab<\/h3>\n<ul>\n<li><strong>T\u00edtulo de la tesis:<\/strong>\u00a0 Estudio sobre la propagacion vegetativa del casta\u00f1o por injerto en fases juveniles <\/li>\n<li><strong>Autor:<\/strong>\u00a0  Vietez Madri\u00f1an M. Luisa <\/li>\n<li><strong>Universidad:<\/strong>\u00a0 Santiago de compostela<\/li>\n<li><strong>Fecha de lectura de la tesis:<\/strong>\u00a0 01\/01\/1979<\/li>\n<\/ul>\n<p>&nbsp;<\/p>\n<h3>Direcci\u00f3n y tribunal<\/h3>\n<ul>\n<li><strong>Director de la tesis<\/strong>\n<ul>\n<li>Francisco Bermejo Martinez<\/li>\n<\/ul>\n<\/li>\n<li><strong>Tribunal<\/strong>\n<ul>\n<li>Presidente del tribunal: Francisco Bermejo Martinez <\/li>\n<li>Manuel Serrano Garcia (vocal)<\/li>\n<li>Luis Recalde Martinez (vocal)<\/li>\n<li>Tito Antonio Varela Lopez (vocal)<\/li>\n<\/ul>\n<\/li>\n<\/ul>\n<p>&nbsp;<\/p>\n","protected":false},"excerpt":{"rendered":"<p>Tesis doctoral de Vietez Madri\u00f1an M. Luisa Se estudian las posibilidades de propagacion de casta\u00f1os resistentes a las enfermedades de [&hellip;]<\/p>\n","protected":false},"author":1,"featured_media":0,"comment_status":"open","ping_status":"open","sticky":false,"template":"","format":"standard","meta":{"site-sidebar-layout":"default","site-content-layout":"","ast-site-content-layout":"","site-content-style":"default","site-sidebar-style":"default","ast-global-header-display":"","ast-banner-title-visibility":"","ast-main-header-display":"","ast-hfb-above-header-display":"","ast-hfb-below-header-display":"","ast-hfb-mobile-header-display":"","site-post-title":"","ast-breadcrumbs-content":"","ast-featured-img":"","footer-sml-layout":"","theme-transparent-header-meta":"","adv-header-id-meta":"","stick-header-meta":"","header-above-stick-meta":"","header-main-stick-meta":"","header-below-stick-meta":"","astra-migrate-meta-layouts":"default","ast-page-background-enabled":"default","ast-page-background-meta":{"desktop":{"background-color":"var(--ast-global-color-4)","background-image":"","background-repeat":"repeat","background-position":"center center","background-size":"auto","background-attachment":"scroll","background-type":"","background-media":"","overlay-type":"","overlay-color":"","overlay-gradient":""},"tablet":{"background-color":"","background-image":"","background-repeat":"repeat","background-position":"center center","background-size":"auto","background-attachment":"scroll","background-type":"","background-media":"","overlay-type":"","overlay-color":"","overlay-gradient":""},"mobile":{"background-color":"","background-image":"","background-repeat":"repeat","background-position":"center center","background-size":"auto","background-attachment":"scroll","background-type":"","background-media":"","overlay-type":"","overlay-color":"","overlay-gradient":""}},"ast-content-background-meta":{"desktop":{"background-color":"var(--ast-global-color-5)","background-image":"","background-repeat":"repeat","background-position":"center center","background-size":"auto","background-attachment":"scroll","background-type":"","background-media":"","overlay-type":"","overlay-color":"","overlay-gradient":""},"tablet":{"background-color":"var(--ast-global-color-5)","background-image":"","background-repeat":"repeat","background-position":"center center","background-size":"auto","background-attachment":"scroll","background-type":"","background-media":"","overlay-type":"","overlay-color":"","overlay-gradient":""},"mobile":{"background-color":"var(--ast-global-color-5)","background-image":"","background-repeat":"repeat","background-position":"center center","background-size":"auto","background-attachment":"scroll","background-type":"","background-media":"","overlay-type":"","overlay-color":"","overlay-gradient":""}},"footnotes":""},"categories":[509,494,9819,2002,11747,977],"tags":[607,108321,176,51246,109982],"class_list":["post-45243","post","type-post","status-publish","format-standard","hentry","category-agronomia","category-ciencias-agrarias","category-conservacion-de-florestas","category-florestas","category-proteccion-de-cultivos","category-santiago-de-compostela","tag-francisco-bermejo-Martinez","tag-luis-recalde-Martinez","tag-manuel-serrano-garcia","tag-tito-antonio-varela-lopez","tag-vietez-madrinan-m-luisa"],"_links":{"self":[{"href":"https:\/\/www.deberes.net\/tesis\/wp-json\/wp\/v2\/posts\/45243","targetHints":{"allow":["GET"]}}],"collection":[{"href":"https:\/\/www.deberes.net\/tesis\/wp-json\/wp\/v2\/posts"}],"about":[{"href":"https:\/\/www.deberes.net\/tesis\/wp-json\/wp\/v2\/types\/post"}],"author":[{"embeddable":true,"href":"https:\/\/www.deberes.net\/tesis\/wp-json\/wp\/v2\/users\/1"}],"replies":[{"embeddable":true,"href":"https:\/\/www.deberes.net\/tesis\/wp-json\/wp\/v2\/comments?post=45243"}],"version-history":[{"count":0,"href":"https:\/\/www.deberes.net\/tesis\/wp-json\/wp\/v2\/posts\/45243\/revisions"}],"wp:attachment":[{"href":"https:\/\/www.deberes.net\/tesis\/wp-json\/wp\/v2\/media?parent=45243"}],"wp:term":[{"taxonomy":"category","embeddable":true,"href":"https:\/\/www.deberes.net\/tesis\/wp-json\/wp\/v2\/categories?post=45243"},{"taxonomy":"post_tag","embeddable":true,"href":"https:\/\/www.deberes.net\/tesis\/wp-json\/wp\/v2\/tags?post=45243"}],"curies":[{"name":"wp","href":"https:\/\/api.w.org\/{rel}","templated":true}]}}