{"id":46228,"date":"2019-09-30T21:04:45","date_gmt":"2019-09-30T21:04:45","guid":{"rendered":"https:\/\/www.deberes.net\/tesis\/sin-categoria\/cultura-y-percepcion-el-analisis-de-contenido-en-el-marco-de-una-teoria-epistemologica-para-las-ciencias-sociales-la-teoria-de-la-comunicacion\/"},"modified":"2019-09-30T21:04:45","modified_gmt":"2019-09-30T21:04:45","slug":"cultura-y-percepcion-el-analisis-de-contenido-en-el-marco-de-una-teoria-epistemologica-para-las-ciencias-sociales-la-teoria-de-la-comunicacion","status":"publish","type":"post","link":"https:\/\/www.deberes.net\/tesis\/filosofia\/cultura-y-percepcion-el-analisis-de-contenido-en-el-marco-de-una-teoria-epistemologica-para-las-ciencias-sociales-la-teoria-de-la-comunicacion\/","title":{"rendered":"Cultura y percepcion. el analisis de contenido en el marco de una teoria epistemologica para las ciencias sociales: la teoria de la comunicacion."},"content":{"rendered":"<h2>Tesis doctoral de <strong>  Pi\u00f1uel Raigada Jos\u00e9 Luis <\/strong><\/h2>\n<p>&nbsp;<\/p>\n<h3>Datos acad\u00e9micos de la tesis doctoral \u00ab<strong>Cultura y percepcion. el analisis de contenido en el marco de una teoria epistemologica para las ciencias sociales: la teoria de la comunicacion.<\/strong>\u00ab<\/h3>\n<ul>\n<li><strong>T\u00edtulo de la tesis:<\/strong>\u00a0 Cultura y percepcion. el analisis de contenido en el marco de una teoria epistemologica para las ciencias sociales: la teoria de la comunicacion. <\/li>\n<li><strong>Autor:<\/strong>\u00a0  Pi\u00f1uel Raigada Jos\u00e9 Luis <\/li>\n<li><strong>Universidad:<\/strong>\u00a0 Pontificia de salamanca<\/li>\n<li><strong>Fecha de lectura de la tesis:<\/strong>\u00a0 01\/01\/1979<\/li>\n<\/ul>\n<p>&nbsp;<\/p>\n<h3>Direcci\u00f3n y tribunal<\/h3>\n<ul>\n<li><strong>Director de la tesis<\/strong>\n<ul>\n<li> <\/li>\n<\/ul>\n<\/li>\n<li><strong>Tribunal<\/strong>\n<ul>\n<li>Presidente del tribunal: Luis Cencillo Ramirez <\/li>\n<li>Santiago Montes Mozo (vocal)<\/li>\n<li>Eugenio Bustos Tovar (vocal)<\/li>\n<li>Gerardo Pastor Ramos (vocal)<\/li>\n<\/ul>\n<\/li>\n<\/ul>\n<p>&nbsp;<\/p>\n","protected":false},"excerpt":{"rendered":"<p>Tesis doctoral de Pi\u00f1uel Raigada Jos\u00e9 Luis &nbsp; Datos acad\u00e9micos de la tesis doctoral \u00abCultura y percepcion. el analisis de [&hellip;]<\/p>\n","protected":false},"author":1,"featured_media":0,"comment_status":"open","ping_status":"open","sticky":false,"template":"","format":"standard","meta":{"site-sidebar-layout":"default","site-content-layout":"","ast-site-content-layout":"","site-content-style":"default","site-sidebar-style":"default","ast-global-header-display":"","ast-banner-title-visibility":"","ast-main-header-display":"","ast-hfb-above-header-display":"","ast-hfb-below-header-display":"","ast-hfb-mobile-header-display":"","site-post-title":"","ast-breadcrumbs-content":"","ast-featured-img":"","footer-sml-layout":"","theme-transparent-header-meta":"","adv-header-id-meta":"","stick-header-meta":"","header-above-stick-meta":"","header-main-stick-meta":"","header-below-stick-meta":"","astra-migrate-meta-layouts":"default","ast-page-background-enabled":"default","ast-page-background-meta":{"desktop":{"background-color":"var(--ast-global-color-4)","background-image":"","background-repeat":"repeat","background-position":"center center","background-size":"auto","background-attachment":"scroll","background-type":"","background-media":"","overlay-type":"","overlay-color":"","overlay-gradient":""},"tablet":{"background-color":"","background-image":"","background-repeat":"repeat","background-position":"center center","background-size":"auto","background-attachment":"scroll","background-type":"","background-media":"","overlay-type":"","overlay-color":"","overlay-gradient":""},"mobile":{"background-color":"","background-image":"","background-repeat":"repeat","background-position":"center center","background-size":"auto","background-attachment":"scroll","background-type":"","background-media":"","overlay-type":"","overlay-color":"","overlay-gradient":""}},"ast-content-background-meta":{"desktop":{"background-color":"var(--ast-global-color-5)","background-image":"","background-repeat":"repeat","background-position":"center center","background-size":"auto","background-attachment":"scroll","background-type":"","background-media":"","overlay-type":"","overlay-color":"","overlay-gradient":""},"tablet":{"background-color":"var(--ast-global-color-5)","background-image":"","background-repeat":"repeat","background-position":"center center","background-size":"auto","background-attachment":"scroll","background-type":"","background-media":"","overlay-type":"","overlay-color":"","overlay-gradient":""},"mobile":{"background-color":"var(--ast-global-color-5)","background-image":"","background-repeat":"repeat","background-position":"center center","background-size":"auto","background-attachment":"scroll","background-type":"","background-media":"","overlay-type":"","overlay-color":"","overlay-gradient":""}},"footnotes":""},"categories":[165,1076,5250,948],"tags":[25722,81620,807,4923,110933],"class_list":["post-46228","post","type-post","status-publish","format-standard","hentry","category-filosofia","category-filosofia-de-la-ciencia","category-filosofia-de-las-ciencias-sociales","category-pontificia-de-salamanca","tag-eugenio-bustos-tovar","tag-gerardo-pastor-ramos","tag-luis-cencillo-ramirez","tag-pinuel-raigada-jose-luis","tag-santiago-montes-mozo"],"_links":{"self":[{"href":"https:\/\/www.deberes.net\/tesis\/wp-json\/wp\/v2\/posts\/46228","targetHints":{"allow":["GET"]}}],"collection":[{"href":"https:\/\/www.deberes.net\/tesis\/wp-json\/wp\/v2\/posts"}],"about":[{"href":"https:\/\/www.deberes.net\/tesis\/wp-json\/wp\/v2\/types\/post"}],"author":[{"embeddable":true,"href":"https:\/\/www.deberes.net\/tesis\/wp-json\/wp\/v2\/users\/1"}],"replies":[{"embeddable":true,"href":"https:\/\/www.deberes.net\/tesis\/wp-json\/wp\/v2\/comments?post=46228"}],"version-history":[{"count":0,"href":"https:\/\/www.deberes.net\/tesis\/wp-json\/wp\/v2\/posts\/46228\/revisions"}],"wp:attachment":[{"href":"https:\/\/www.deberes.net\/tesis\/wp-json\/wp\/v2\/media?parent=46228"}],"wp:term":[{"taxonomy":"category","embeddable":true,"href":"https:\/\/www.deberes.net\/tesis\/wp-json\/wp\/v2\/categories?post=46228"},{"taxonomy":"post_tag","embeddable":true,"href":"https:\/\/www.deberes.net\/tesis\/wp-json\/wp\/v2\/tags?post=46228"}],"curies":[{"name":"wp","href":"https:\/\/api.w.org\/{rel}","templated":true}]}}