{"id":46232,"date":"2019-10-01T13:16:07","date_gmt":"2019-10-01T13:16:07","guid":{"rendered":"https:\/\/www.deberes.net\/tesis\/sin-categoria\/la-regio-edetania-en-la-epoca-iberica\/"},"modified":"2019-10-01T13:16:07","modified_gmt":"2019-10-01T13:16:07","slug":"la-regio-edetania-en-la-epoca-iberica","status":"publish","type":"post","link":"https:\/\/www.deberes.net\/tesis\/historia\/la-regio-edetania-en-la-epoca-iberica\/","title":{"rendered":"La regio edetania en la epoca iberica"},"content":{"rendered":"<h2>Tesis doctoral de <strong> Jose Uroz Saez <\/strong><\/h2>\n<p>Estudio de la edetania en la epoca iberica. Se trazan los limites de la region estudiandolos geografica linguistica  arqueologica e historicamente. Se estudian las fuentes literarias griegas y romanas  asi como los acontecimientos historicos que en ella tuvieron lugar principalmente la segunda guerra punica. Se catalogan los yacimientos arqueologicos  las inscripciones y la escultura  y se concluyen con capitulos destinados a la economia  agricultura  caza  modos de vida y sociedad valorandose especialmente las influencias de las colonizaciones griega y fenicia.<\/p>\n<p>&nbsp;<\/p>\n<h3>Datos acad\u00e9micos de la tesis doctoral \u00ab<strong>La regio edetania en la epoca iberica<\/strong>\u00ab<\/h3>\n<ul>\n<li><strong>T\u00edtulo de la tesis:<\/strong>\u00a0 La regio edetania en la epoca iberica <\/li>\n<li><strong>Autor:<\/strong>\u00a0 Jose Uroz Saez <\/li>\n<li><strong>Universidad:<\/strong>\u00a0 Alicante<\/li>\n<li><strong>Fecha de lectura de la tesis:<\/strong>\u00a0 01\/01\/1980<\/li>\n<\/ul>\n<p>&nbsp;<\/p>\n<h3>Direcci\u00f3n y tribunal<\/h3>\n<ul>\n<li><strong>Director de la tesis<\/strong>\n<ul>\n<li>Jos\u00e9 Mar\u00eda Bl\u00e1zquez Mart\u00ednez<\/li>\n<\/ul>\n<\/li>\n<li><strong>Tribunal<\/strong>\n<ul>\n<li>Presidente del tribunal:  Rabanal Alonso Manuel Abilio <\/li>\n<li>Antonio Gil Olcina (vocal)<\/li>\n<li>Jos\u00e9 Mar\u00eda Bl\u00e1zquez Mart\u00ednez (vocal)<\/li>\n<li>Francisco Presedo Velo (vocal)<\/li>\n<\/ul>\n<\/li>\n<\/ul>\n<p>&nbsp;<\/p>\n","protected":false},"excerpt":{"rendered":"<p>Tesis doctoral de Jose Uroz Saez Estudio de la edetania en la epoca iberica. Se trazan los limites de la [&hellip;]<\/p>\n","protected":false},"author":1,"featured_media":0,"comment_status":"open","ping_status":"open","sticky":false,"template":"","format":"standard","meta":{"site-sidebar-layout":"default","site-content-layout":"","ast-site-content-layout":"","site-content-style":"default","site-sidebar-style":"default","ast-global-header-display":"","ast-banner-title-visibility":"","ast-main-header-display":"","ast-hfb-above-header-display":"","ast-hfb-below-header-display":"","ast-hfb-mobile-header-display":"","site-post-title":"","ast-breadcrumbs-content":"","ast-featured-img":"","footer-sml-layout":"","theme-transparent-header-meta":"","adv-header-id-meta":"","stick-header-meta":"","header-above-stick-meta":"","header-main-stick-meta":"","header-below-stick-meta":"","astra-migrate-meta-layouts":"default","ast-page-background-enabled":"default","ast-page-background-meta":{"desktop":{"background-color":"var(--ast-global-color-4)","background-image":"","background-repeat":"repeat","background-position":"center center","background-size":"auto","background-attachment":"scroll","background-type":"","background-media":"","overlay-type":"","overlay-color":"","overlay-gradient":""},"tablet":{"background-color":"","background-image":"","background-repeat":"repeat","background-position":"center center","background-size":"auto","background-attachment":"scroll","background-type":"","background-media":"","overlay-type":"","overlay-color":"","overlay-gradient":""},"mobile":{"background-color":"","background-image":"","background-repeat":"repeat","background-position":"center center","background-size":"auto","background-attachment":"scroll","background-type":"","background-media":"","overlay-type":"","overlay-color":"","overlay-gradient":""}},"ast-content-background-meta":{"desktop":{"background-color":"var(--ast-global-color-5)","background-image":"","background-repeat":"repeat","background-position":"center center","background-size":"auto","background-attachment":"scroll","background-type":"","background-media":"","overlay-type":"","overlay-color":"","overlay-gradient":""},"tablet":{"background-color":"var(--ast-global-color-5)","background-image":"","background-repeat":"repeat","background-position":"center center","background-size":"auto","background-attachment":"scroll","background-type":"","background-media":"","overlay-type":"","overlay-color":"","overlay-gradient":""},"mobile":{"background-color":"var(--ast-global-color-5)","background-image":"","background-repeat":"repeat","background-position":"center center","background-size":"auto","background-attachment":"scroll","background-type":"","background-media":"","overlay-type":"","overlay-color":"","overlay-gradient":""}},"footnotes":""},"categories":[19166,104,569,639,220],"tags":[11875,10880,575,19382,4446],"class_list":["post-46232","post","type-post","status-publish","format-standard","hentry","category-alicante","category-historia","category-historia-antigua","category-historia-de-paises","category-historia-por-epocas","tag-antonio-gil-olcina","tag-francisco-presedo-velo","tag-jose-maria-blazquez-Martinez","tag-jose-uroz-saez","tag-rabanal-alonso-manuel-abilio"],"_links":{"self":[{"href":"https:\/\/www.deberes.net\/tesis\/wp-json\/wp\/v2\/posts\/46232","targetHints":{"allow":["GET"]}}],"collection":[{"href":"https:\/\/www.deberes.net\/tesis\/wp-json\/wp\/v2\/posts"}],"about":[{"href":"https:\/\/www.deberes.net\/tesis\/wp-json\/wp\/v2\/types\/post"}],"author":[{"embeddable":true,"href":"https:\/\/www.deberes.net\/tesis\/wp-json\/wp\/v2\/users\/1"}],"replies":[{"embeddable":true,"href":"https:\/\/www.deberes.net\/tesis\/wp-json\/wp\/v2\/comments?post=46232"}],"version-history":[{"count":0,"href":"https:\/\/www.deberes.net\/tesis\/wp-json\/wp\/v2\/posts\/46232\/revisions"}],"wp:attachment":[{"href":"https:\/\/www.deberes.net\/tesis\/wp-json\/wp\/v2\/media?parent=46232"}],"wp:term":[{"taxonomy":"category","embeddable":true,"href":"https:\/\/www.deberes.net\/tesis\/wp-json\/wp\/v2\/categories?post=46232"},{"taxonomy":"post_tag","embeddable":true,"href":"https:\/\/www.deberes.net\/tesis\/wp-json\/wp\/v2\/tags?post=46232"}],"curies":[{"name":"wp","href":"https:\/\/api.w.org\/{rel}","templated":true}]}}