{"id":4650,"date":"2018-03-09T00:06:55","date_gmt":"2018-03-09T00:06:55","guid":{"rendered":"https:\/\/www.deberes.net\/tesis\/2018\/03\/09\/regulacion-constitucional-y-administrativa-del-derecho-de-extranjeria\/"},"modified":"2018-03-09T00:06:55","modified_gmt":"2018-03-09T00:06:55","slug":"regulacion-constitucional-y-administrativa-del-derecho-de-extranjeria","status":"publish","type":"post","link":"https:\/\/www.deberes.net\/tesis\/ciencias-juridicas-y-derecho\/regulacion-constitucional-y-administrativa-del-derecho-de-extranjeria\/","title":{"rendered":"Regulacion constitucional y administrativa del derecho de extranjeria."},"content":{"rendered":"<h2>Tesis doctoral de <strong> Jos\u00e9 Mar\u00eda  De Domingo Martorell <\/strong><\/h2>\n<p>Tiene por objeto el estudio de la regulaci\u00f3n, tanto constitucional como administrativa, del derecho de extranjer\u00eda en espa\u00f1a. A tal efecto se realiza un an\u00e1lisis exhaustivo de la legislaci\u00f3n y de la jurisprudencia en materia de extranjer\u00eda, tomando como especial punto de referencia la constituci\u00f3n de 1.978, la ley org\u00e1nica de extranjeria 7\/1985, de 1 de julio, desarrollada por el r.D. 1.119\/1986 de 26 de mayo.  se incorpora, finalmente, al trabajo la normativa comunitaria y su incidencia en el derecho espa\u00f1ol, especialmente, en lo que hace referencia a las libertades comunitarias de circulaci\u00f3n y residencia, as\u00ed como la participaci\u00f3n de los ciudadanos comunitarios, tanto activa como pasiva en las elecciones locales por r.D. 766\/1.992 de 26 de junio.<\/p>\n<p>&nbsp;<\/p>\n<h3>Datos acad\u00e9micos de la tesis doctoral \u00ab<strong>Regulacion constitucional y administrativa del derecho de extranjeria.<\/strong>\u00ab<\/h3>\n<ul>\n<li><strong>T\u00edtulo de la tesis:<\/strong>\u00a0 Regulacion constitucional y administrativa del derecho de extranjeria. <\/li>\n<li><strong>Autor:<\/strong>\u00a0 Jos\u00e9 Mar\u00eda  De Domingo Martorell <\/li>\n<li><strong>Universidad:<\/strong>\u00a0 Complutense de Madrid<\/li>\n<li><strong>Fecha de lectura de la tesis:<\/strong>\u00a0 31\/01\/1994<\/li>\n<\/ul>\n<p>&nbsp;<\/p>\n<h3>Direcci\u00f3n y tribunal<\/h3>\n<ul>\n<li><strong>Director de la tesis<\/strong>\n<ul>\n<li>trevijano S\u00e1nchez Gonz\u00e1lez<\/li>\n<\/ul>\n<\/li>\n<li><strong>Tribunal<\/strong>\n<ul>\n<li>Presidente del tribunal: julio Enrile aleix <\/li>\n<li>enrique Alvarez conde (vocal)<\/li>\n<li>Juan  Carlos Gonz\u00e1lez hern\u00e1ndez (vocal)<\/li>\n<li>pilar Mellado gonzalez (vocal)<\/li>\n<\/ul>\n<\/li>\n<\/ul>\n<p>&nbsp;<\/p>\n","protected":false},"excerpt":{"rendered":"<p>Tesis doctoral de Jos\u00e9 Mar\u00eda De Domingo Martorell Tiene por objeto el estudio de la regulaci\u00f3n, tanto constitucional como administrativa, [&hellip;]<\/p>\n","protected":false},"author":1,"featured_media":0,"comment_status":"open","ping_status":"open","sticky":false,"template":"","format":"standard","meta":{"site-sidebar-layout":"default","site-content-layout":"","ast-site-content-layout":"","site-content-style":"default","site-sidebar-style":"default","ast-global-header-display":"","ast-banner-title-visibility":"","ast-main-header-display":"","ast-hfb-above-header-display":"","ast-hfb-below-header-display":"","ast-hfb-mobile-header-display":"","site-post-title":"","ast-breadcrumbs-content":"","ast-featured-img":"","footer-sml-layout":"","theme-transparent-header-meta":"","adv-header-id-meta":"","stick-header-meta":"","header-above-stick-meta":"","header-main-stick-meta":"","header-below-stick-meta":"","astra-migrate-meta-layouts":"default","ast-page-background-enabled":"default","ast-page-background-meta":{"desktop":{"background-color":"var(--ast-global-color-4)","background-image":"","background-repeat":"repeat","background-position":"center center","background-size":"auto","background-attachment":"scroll","background-type":"","background-media":"","overlay-type":"","overlay-color":"","overlay-gradient":""},"tablet":{"background-color":"","background-image":"","background-repeat":"repeat","background-position":"center center","background-size":"auto","background-attachment":"scroll","background-type":"","background-media":"","overlay-type":"","overlay-color":"","overlay-gradient":""},"mobile":{"background-color":"","background-image":"","background-repeat":"repeat","background-position":"center center","background-size":"auto","background-attachment":"scroll","background-type":"","background-media":"","overlay-type":"","overlay-color":"","overlay-gradient":""}},"ast-content-background-meta":{"desktop":{"background-color":"var(--ast-global-color-5)","background-image":"","background-repeat":"repeat","background-position":"center center","background-size":"auto","background-attachment":"scroll","background-type":"","background-media":"","overlay-type":"","overlay-color":"","overlay-gradient":""},"tablet":{"background-color":"var(--ast-global-color-5)","background-image":"","background-repeat":"repeat","background-position":"center center","background-size":"auto","background-attachment":"scroll","background-type":"","background-media":"","overlay-type":"","overlay-color":"","overlay-gradient":""},"mobile":{"background-color":"var(--ast-global-color-5)","background-image":"","background-repeat":"repeat","background-position":"center center","background-size":"auto","background-attachment":"scroll","background-type":"","background-media":"","overlay-type":"","overlay-color":"","overlay-gradient":""}},"footnotes":""},"categories":[612,1442,1450,979],"tags":[7163,18943,18946,18945,18947,18944],"class_list":["post-4650","post","type-post","status-publish","format-standard","hentry","category-ciencias-juridicas-y-derecho","category-derecho-administrativo","category-derecho-constitucional","category-derecho-y-legislacion-nacionales","tag-enrique-alvarez-conde","tag-jose-maria-de-domingo-martorell","tag-juan-carlos-gonzalez-hernandez","tag-julio-enrile-aleix","tag-pilar-mellado-gonzalez","tag-trevijano-sanchez-gonzalez"],"_links":{"self":[{"href":"https:\/\/www.deberes.net\/tesis\/wp-json\/wp\/v2\/posts\/4650","targetHints":{"allow":["GET"]}}],"collection":[{"href":"https:\/\/www.deberes.net\/tesis\/wp-json\/wp\/v2\/posts"}],"about":[{"href":"https:\/\/www.deberes.net\/tesis\/wp-json\/wp\/v2\/types\/post"}],"author":[{"embeddable":true,"href":"https:\/\/www.deberes.net\/tesis\/wp-json\/wp\/v2\/users\/1"}],"replies":[{"embeddable":true,"href":"https:\/\/www.deberes.net\/tesis\/wp-json\/wp\/v2\/comments?post=4650"}],"version-history":[{"count":0,"href":"https:\/\/www.deberes.net\/tesis\/wp-json\/wp\/v2\/posts\/4650\/revisions"}],"wp:attachment":[{"href":"https:\/\/www.deberes.net\/tesis\/wp-json\/wp\/v2\/media?parent=4650"}],"wp:term":[{"taxonomy":"category","embeddable":true,"href":"https:\/\/www.deberes.net\/tesis\/wp-json\/wp\/v2\/categories?post=4650"},{"taxonomy":"post_tag","embeddable":true,"href":"https:\/\/www.deberes.net\/tesis\/wp-json\/wp\/v2\/tags?post=4650"}],"curies":[{"name":"wp","href":"https:\/\/api.w.org\/{rel}","templated":true}]}}