{"id":4657,"date":"2018-03-09T00:06:56","date_gmt":"2018-03-09T00:06:56","guid":{"rendered":"https:\/\/www.deberes.net\/tesis\/2018\/03\/09\/las-sesiones-informativas-o-comparecencias-y-el-control-parlamentario-estudio-comparado-espana-mexico\/"},"modified":"2018-03-09T00:06:56","modified_gmt":"2018-03-09T00:06:56","slug":"las-sesiones-informativas-o-comparecencias-y-el-control-parlamentario-estudio-comparado-espana-mexico","status":"publish","type":"post","link":"https:\/\/www.deberes.net\/tesis\/ciencias-juridicas-y-derecho\/las-sesiones-informativas-o-comparecencias-y-el-control-parlamentario-estudio-comparado-espana-mexico\/","title":{"rendered":"Las sesiones informativas o comparecencias y el control parlamentario. estudio comparado espa\u00f1a-mexico."},"content":{"rendered":"<h2>Tesis doctoral de <strong> Susana Thalia Pedroza De La Llave <\/strong><\/h2>\n<p>La presente investigaci\u00f3n parte, en primer lugar, del conocimiento y manejo de consideraciones juridicas; politicas, historicas y sociologicas. Tambi\u00e9n parte, en segundo lugar, de la concepci\u00f3n del derecho parlamentario, derecho que no se identifica con el derecho legislativo. El estudio se encuentra motivado por el interes de botener el fortalecimiento y creaci\u00f3n de elementos de control sobre el ejecutivo que desarrollen el futuro de la instituci\u00f3n parlamentaria espa\u00f1ola y mexicana. Se afirma que el control parlamentario se va a manifestar en diversos actos, considerando la terminolog\u00eda juridica pertinente; aplicando la nueva doctrina, as\u00ed como la consideraci\u00f3n de que el control parlamentario es un control pol\u00edtico. Las anteriores afirmaciones se desarrollan en el cap\u00edtulo segundo respecto a espa\u00f1a, y en el tercero en relaci\u00f3n a mexico. En el cap\u00edtulo cuarto se estudian las sesiones inforamtivas o comparecencias del gobierno como acto de control parlamentario, tanto en espa\u00f1a como en mexico.<\/p>\n<p>&nbsp;<\/p>\n<h3>Datos acad\u00e9micos de la tesis doctoral \u00ab<strong>Las sesiones informativas o comparecencias y el control parlamentario. estudio comparado espa\u00f1a-mexico.<\/strong>\u00ab<\/h3>\n<ul>\n<li><strong>T\u00edtulo de la tesis:<\/strong>\u00a0 Las sesiones informativas o comparecencias y el control parlamentario. estudio comparado espa\u00f1a-mexico. <\/li>\n<li><strong>Autor:<\/strong>\u00a0 Susana Thalia Pedroza De La Llave <\/li>\n<li><strong>Universidad:<\/strong>\u00a0 Complutense de Madrid<\/li>\n<li><strong>Fecha de lectura de la tesis:<\/strong>\u00a0 17\/03\/1994<\/li>\n<\/ul>\n<p>&nbsp;<\/p>\n<h3>Direcci\u00f3n y tribunal<\/h3>\n<ul>\n<li><strong>Director de la tesis<\/strong>\n<ul>\n<li>Pablo Lucas Verdu<\/li>\n<\/ul>\n<\/li>\n<li><strong>Tribunal<\/strong>\n<ul>\n<li>Presidente del tribunal: pedro De vega garcia <\/li>\n<li>Jos\u00e9 Luis Soberanes fernandez (vocal)<\/li>\n<li>Jos\u00e9 Luis Garcia  roca (vocal)<\/li>\n<li>angel Sanchez de la torre (vocal)<\/li>\n<\/ul>\n<\/li>\n<\/ul>\n<p>&nbsp;<\/p>\n","protected":false},"excerpt":{"rendered":"<p>Tesis doctoral de Susana Thalia Pedroza De La Llave La presente investigaci\u00f3n parte, en primer lugar, del conocimiento y manejo [&hellip;]<\/p>\n","protected":false},"author":1,"featured_media":0,"comment_status":"open","ping_status":"open","sticky":false,"template":"","format":"standard","meta":{"site-sidebar-layout":"default","site-content-layout":"","ast-site-content-layout":"","site-content-style":"default","site-sidebar-style":"default","ast-global-header-display":"","ast-banner-title-visibility":"","ast-main-header-display":"","ast-hfb-above-header-display":"","ast-hfb-below-header-display":"","ast-hfb-mobile-header-display":"","site-post-title":"","ast-breadcrumbs-content":"","ast-featured-img":"","footer-sml-layout":"","theme-transparent-header-meta":"","adv-header-id-meta":"","stick-header-meta":"","header-above-stick-meta":"","header-main-stick-meta":"","header-below-stick-meta":"","astra-migrate-meta-layouts":"default","ast-page-background-enabled":"default","ast-page-background-meta":{"desktop":{"background-color":"var(--ast-global-color-4)","background-image":"","background-repeat":"repeat","background-position":"center center","background-size":"auto","background-attachment":"scroll","background-type":"","background-media":"","overlay-type":"","overlay-color":"","overlay-gradient":""},"tablet":{"background-color":"","background-image":"","background-repeat":"repeat","background-position":"center center","background-size":"auto","background-attachment":"scroll","background-type":"","background-media":"","overlay-type":"","overlay-color":"","overlay-gradient":""},"mobile":{"background-color":"","background-image":"","background-repeat":"repeat","background-position":"center center","background-size":"auto","background-attachment":"scroll","background-type":"","background-media":"","overlay-type":"","overlay-color":"","overlay-gradient":""}},"ast-content-background-meta":{"desktop":{"background-color":"var(--ast-global-color-5)","background-image":"","background-repeat":"repeat","background-position":"center center","background-size":"auto","background-attachment":"scroll","background-type":"","background-media":"","overlay-type":"","overlay-color":"","overlay-gradient":""},"tablet":{"background-color":"var(--ast-global-color-5)","background-image":"","background-repeat":"repeat","background-position":"center center","background-size":"auto","background-attachment":"scroll","background-type":"","background-media":"","overlay-type":"","overlay-color":"","overlay-gradient":""},"mobile":{"background-color":"var(--ast-global-color-5)","background-image":"","background-repeat":"repeat","background-position":"center center","background-size":"auto","background-attachment":"scroll","background-type":"","background-media":"","overlay-type":"","overlay-color":"","overlay-gradient":""}},"footnotes":""},"categories":[612,4927,18969,3193],"tags":[18974,18973,18972,18971,9449,18970],"class_list":["post-4657","post","type-post","status-publish","format-standard","hentry","category-ciencias-juridicas-y-derecho","category-derecho-comparado","category-relaciones-entre-los-poderes","category-teoria-y-metodos-generales-del-derecho","tag-angel-sanchez-de-la-torre","tag-jose-luis-garcia-roca","tag-jose-luis-soberanes-fernandez","tag-pablo-lucas-verdu","tag-pedro-de-vega-garcia","tag-susana-thalia-pedroza-de-la-llave"],"_links":{"self":[{"href":"https:\/\/www.deberes.net\/tesis\/wp-json\/wp\/v2\/posts\/4657","targetHints":{"allow":["GET"]}}],"collection":[{"href":"https:\/\/www.deberes.net\/tesis\/wp-json\/wp\/v2\/posts"}],"about":[{"href":"https:\/\/www.deberes.net\/tesis\/wp-json\/wp\/v2\/types\/post"}],"author":[{"embeddable":true,"href":"https:\/\/www.deberes.net\/tesis\/wp-json\/wp\/v2\/users\/1"}],"replies":[{"embeddable":true,"href":"https:\/\/www.deberes.net\/tesis\/wp-json\/wp\/v2\/comments?post=4657"}],"version-history":[{"count":0,"href":"https:\/\/www.deberes.net\/tesis\/wp-json\/wp\/v2\/posts\/4657\/revisions"}],"wp:attachment":[{"href":"https:\/\/www.deberes.net\/tesis\/wp-json\/wp\/v2\/media?parent=4657"}],"wp:term":[{"taxonomy":"category","embeddable":true,"href":"https:\/\/www.deberes.net\/tesis\/wp-json\/wp\/v2\/categories?post=4657"},{"taxonomy":"post_tag","embeddable":true,"href":"https:\/\/www.deberes.net\/tesis\/wp-json\/wp\/v2\/tags?post=4657"}],"curies":[{"name":"wp","href":"https:\/\/api.w.org\/{rel}","templated":true}]}}