{"id":46620,"date":"2019-12-06T07:03:46","date_gmt":"2019-12-06T07:03:46","guid":{"rendered":"https:\/\/www.deberes.net\/tesis\/sin-categoria\/estudio-evolutivo-del-esquema-corporal-a-traves-de-la-prueba-de-daurat-hmeljak-stambak-y-berges\/"},"modified":"2019-12-06T07:03:46","modified_gmt":"2019-12-06T07:03:46","slug":"estudio-evolutivo-del-esquema-corporal-a-traves-de-la-prueba-de-daurat-hmeljak-stambak-y-berges","status":"publish","type":"post","link":"https:\/\/www.deberes.net\/tesis\/psicologia\/estudio-evolutivo-del-esquema-corporal-a-traves-de-la-prueba-de-daurat-hmeljak-stambak-y-berges\/","title":{"rendered":"Estudio evolutivo del esquema corporal a traves de la prueba de daurat-hmeljak stambak y berges"},"content":{"rendered":"<h2>Tesis doctoral de <strong> Soledad Ballesteros Jim\u00e9nez <\/strong><\/h2>\n<p>Hemos realizado un estudio evolutivo sobre la adquisicion del esquema corporal a nivel representativo en el ni\u00f1o trabajando con una muestra de 160 sujetos de clase media 10 ni\u00f1os y 10 ni\u00f1as por edad desde 4 a 11 a\u00f1os  normales elegidos al azar en centros escolares de Madrid. Cada sujeto fue objeto de un estudio individual compuesto por:  una escala de inteligencia de wechsler (wisc o wppsi); la prueba de esquema corporal; el dibujo de la persona medido a traves de la escala a.B.C. De witkin y entrevistas a padres  sujetos y profesores. Hemos encontrado tres etapas en la adquisicion del esquema corporal que se instauran en el sujeto progresivamente.  solo existen diferencias significativas en las edades 6-7 a\u00f1os a favor de los varones. Existen diferencias significativas con la muestra francesa que hacen necesaria su baremacion en espa\u00f1a  que ya hemos hecho.  los aspectos que mide esta prueba estan proximos a los aspectos analiticos y especiales de algunas pruebas de wechsler (cubos  rompecabezas).<\/p>\n<p>&nbsp;<\/p>\n<h3>Datos acad\u00e9micos de la tesis doctoral \u00ab<strong>Estudio evolutivo del esquema corporal a traves de la prueba de daurat-hmeljak stambak y berges<\/strong>\u00ab<\/h3>\n<ul>\n<li><strong>T\u00edtulo de la tesis:<\/strong>\u00a0 Estudio evolutivo del esquema corporal a traves de la prueba de daurat-hmeljak stambak y berges <\/li>\n<li><strong>Autor:<\/strong>\u00a0 Soledad Ballesteros Jim\u00e9nez <\/li>\n<li><strong>Universidad:<\/strong>\u00a0 Complutense de Madrid<\/li>\n<li><strong>Fecha de lectura de la tesis:<\/strong>\u00a0 01\/01\/1980<\/li>\n<\/ul>\n<p>&nbsp;<\/p>\n<h3>Direcci\u00f3n y tribunal<\/h3>\n<ul>\n<li><strong>Director de la tesis<\/strong>\n<ul>\n<li> Forteza Mendez Jos\u00e9 Alonso<\/li>\n<\/ul>\n<\/li>\n<li><strong>Tribunal<\/strong>\n<ul>\n<li>Presidente del tribunal: Mar\u00eda no Yela Granizo <\/li>\n<li> Forteza Mendez Jos\u00e9 Alonso (vocal)<\/li>\n<li>Jos\u00e9 Luis Pinillos D\u00edaz (vocal)<\/li>\n<li>Rosario Martinez Arias (vocal)<\/li>\n<\/ul>\n<\/li>\n<\/ul>\n<p>&nbsp;<\/p>\n","protected":false},"excerpt":{"rendered":"<p>Tesis doctoral de Soledad Ballesteros Jim\u00e9nez Hemos realizado un estudio evolutivo sobre la adquisicion del esquema corporal a nivel representativo [&hellip;]<\/p>\n","protected":false},"author":1,"featured_media":0,"comment_status":"open","ping_status":"open","sticky":false,"template":"","format":"standard","meta":{"site-sidebar-layout":"default","site-content-layout":"","ast-site-content-layout":"","site-content-style":"default","site-sidebar-style":"default","ast-global-header-display":"","ast-banner-title-visibility":"","ast-main-header-display":"","ast-hfb-above-header-display":"","ast-hfb-below-header-display":"","ast-hfb-mobile-header-display":"","site-post-title":"","ast-breadcrumbs-content":"","ast-featured-img":"","footer-sml-layout":"","theme-transparent-header-meta":"","adv-header-id-meta":"","stick-header-meta":"","header-above-stick-meta":"","header-main-stick-meta":"","header-below-stick-meta":"","astra-migrate-meta-layouts":"default","ast-page-background-enabled":"default","ast-page-background-meta":{"desktop":{"background-color":"var(--ast-global-color-4)","background-image":"","background-repeat":"repeat","background-position":"center center","background-size":"auto","background-attachment":"scroll","background-type":"","background-media":"","overlay-type":"","overlay-color":"","overlay-gradient":""},"tablet":{"background-color":"","background-image":"","background-repeat":"repeat","background-position":"center center","background-size":"auto","background-attachment":"scroll","background-type":"","background-media":"","overlay-type":"","overlay-color":"","overlay-gradient":""},"mobile":{"background-color":"","background-image":"","background-repeat":"repeat","background-position":"center center","background-size":"auto","background-attachment":"scroll","background-type":"","background-media":"","overlay-type":"","overlay-color":"","overlay-gradient":""}},"ast-content-background-meta":{"desktop":{"background-color":"var(--ast-global-color-5)","background-image":"","background-repeat":"repeat","background-position":"center center","background-size":"auto","background-attachment":"scroll","background-type":"","background-media":"","overlay-type":"","overlay-color":"","overlay-gradient":""},"tablet":{"background-color":"var(--ast-global-color-5)","background-image":"","background-repeat":"repeat","background-position":"center center","background-size":"auto","background-attachment":"scroll","background-type":"","background-media":"","overlay-type":"","overlay-color":"","overlay-gradient":""},"mobile":{"background-color":"var(--ast-global-color-5)","background-image":"","background-repeat":"repeat","background-position":"center center","background-size":"auto","background-attachment":"scroll","background-type":"","background-media":"","overlay-type":"","overlay-color":"","overlay-gradient":""}},"footnotes":""},"categories":[1175,324],"tags":[946,5135,107664,5937,2465],"class_list":["post-46620","post","type-post","status-publish","format-standard","hentry","category-evaluacion-y-diagnostico-en-psicologia","category-psicologia","tag-forteza-mendez-jose-alonso","tag-jose-luis-pinillos-diaz","tag-maria-no-yela-granizo","tag-rosario-Martinez-arias","tag-soledad-ballesteros-jimenez"],"_links":{"self":[{"href":"https:\/\/www.deberes.net\/tesis\/wp-json\/wp\/v2\/posts\/46620","targetHints":{"allow":["GET"]}}],"collection":[{"href":"https:\/\/www.deberes.net\/tesis\/wp-json\/wp\/v2\/posts"}],"about":[{"href":"https:\/\/www.deberes.net\/tesis\/wp-json\/wp\/v2\/types\/post"}],"author":[{"embeddable":true,"href":"https:\/\/www.deberes.net\/tesis\/wp-json\/wp\/v2\/users\/1"}],"replies":[{"embeddable":true,"href":"https:\/\/www.deberes.net\/tesis\/wp-json\/wp\/v2\/comments?post=46620"}],"version-history":[{"count":0,"href":"https:\/\/www.deberes.net\/tesis\/wp-json\/wp\/v2\/posts\/46620\/revisions"}],"wp:attachment":[{"href":"https:\/\/www.deberes.net\/tesis\/wp-json\/wp\/v2\/media?parent=46620"}],"wp:term":[{"taxonomy":"category","embeddable":true,"href":"https:\/\/www.deberes.net\/tesis\/wp-json\/wp\/v2\/categories?post=46620"},{"taxonomy":"post_tag","embeddable":true,"href":"https:\/\/www.deberes.net\/tesis\/wp-json\/wp\/v2\/tags?post=46620"}],"curies":[{"name":"wp","href":"https:\/\/api.w.org\/{rel}","templated":true}]}}