{"id":46682,"date":"2019-12-16T19:13:47","date_gmt":"2019-12-16T19:13:47","guid":{"rendered":"https:\/\/www.deberes.net\/tesis\/sin-categoria\/creatividad-practica-escolar-y-politica-educativa\/"},"modified":"2019-12-16T19:13:47","modified_gmt":"2019-12-16T19:13:47","slug":"creatividad-practica-escolar-y-politica-educativa","status":"publish","type":"post","link":"https:\/\/www.deberes.net\/tesis\/pedagogia\/creatividad-practica-escolar-y-politica-educativa\/","title":{"rendered":"Creatividad, practica escolar y politica educativa."},"content":{"rendered":"<h2>Tesis doctoral de <strong> Angeles Mar\u00eda Gervilla Castillo <\/strong><\/h2>\n<p>A una muestra de 990 alumnos de malaga y su provincia- niveles 4. A 8. De e.G.B. Se les ha aplicado pruebas de creatividad  inteligencia y rendimiento (el total de pruebas aplicadas ascendio a 7.000) partiendo de dichas pruebas hemos hecho: a)diagnostico de los individuos creativos b) diagnostico y analisis de la inteligencia rendimiento e intereses de los mismos alumnos c) nivel de creatividad inteligencia y rendimiento comparando:  malaga-provincia; estatales-privadas; ni\u00f1os-ni\u00f1as; edades niveles y centros&#8230; Correlaciones y predicciones.<\/p>\n<p>&nbsp;<\/p>\n<h3>Datos acad\u00e9micos de la tesis doctoral \u00ab<strong>Creatividad, practica escolar y politica educativa.<\/strong>\u00ab<\/h3>\n<ul>\n<li><strong>T\u00edtulo de la tesis:<\/strong>\u00a0 Creatividad, practica escolar y politica educativa. <\/li>\n<li><strong>Autor:<\/strong>\u00a0 Angeles Mar\u00eda Gervilla Castillo <\/li>\n<li><strong>Universidad:<\/strong>\u00a0 Complutense de Madrid<\/li>\n<li><strong>Fecha de lectura de la tesis:<\/strong>\u00a0 01\/01\/1980<\/li>\n<\/ul>\n<p>&nbsp;<\/p>\n<h3>Direcci\u00f3n y tribunal<\/h3>\n<ul>\n<li><strong>Director de la tesis<\/strong>\n<ul>\n<li>Victor Garcia Hoz<\/li>\n<\/ul>\n<\/li>\n<li><strong>Tribunal<\/strong>\n<ul>\n<li>Presidente del tribunal: Victor Garcia Hoz <\/li>\n<li>Arturo Orden Hoz (vocal)<\/li>\n<li>Gonz\u00e1lo V\u00e1zquez G\u00f3mez (vocal)<\/li>\n<li>Elvira Repetto Talavera (vocal)<\/li>\n<\/ul>\n<\/li>\n<\/ul>\n<p>&nbsp;<\/p>\n","protected":false},"excerpt":{"rendered":"<p>Tesis doctoral de Angeles Mar\u00eda Gervilla Castillo A una muestra de 990 alumnos de malaga y su provincia- niveles 4. [&hellip;]<\/p>\n","protected":false},"author":1,"featured_media":0,"comment_status":"open","ping_status":"open","sticky":false,"template":"","format":"standard","meta":{"site-sidebar-layout":"default","site-content-layout":"","ast-site-content-layout":"","site-content-style":"default","site-sidebar-style":"default","ast-global-header-display":"","ast-banner-title-visibility":"","ast-main-header-display":"","ast-hfb-above-header-display":"","ast-hfb-below-header-display":"","ast-hfb-mobile-header-display":"","site-post-title":"","ast-breadcrumbs-content":"","ast-featured-img":"","footer-sml-layout":"","theme-transparent-header-meta":"","adv-header-id-meta":"","stick-header-meta":"","header-above-stick-meta":"","header-main-stick-meta":"","header-below-stick-meta":"","astra-migrate-meta-layouts":"default","ast-page-background-enabled":"default","ast-page-background-meta":{"desktop":{"background-color":"var(--ast-global-color-4)","background-image":"","background-repeat":"repeat","background-position":"center center","background-size":"auto","background-attachment":"scroll","background-type":"","background-media":"","overlay-type":"","overlay-color":"","overlay-gradient":""},"tablet":{"background-color":"","background-image":"","background-repeat":"repeat","background-position":"center center","background-size":"auto","background-attachment":"scroll","background-type":"","background-media":"","overlay-type":"","overlay-color":"","overlay-gradient":""},"mobile":{"background-color":"","background-image":"","background-repeat":"repeat","background-position":"center center","background-size":"auto","background-attachment":"scroll","background-type":"","background-media":"","overlay-type":"","overlay-color":"","overlay-gradient":""}},"ast-content-background-meta":{"desktop":{"background-color":"var(--ast-global-color-5)","background-image":"","background-repeat":"repeat","background-position":"center center","background-size":"auto","background-attachment":"scroll","background-type":"","background-media":"","overlay-type":"","overlay-color":"","overlay-gradient":""},"tablet":{"background-color":"var(--ast-global-color-5)","background-image":"","background-repeat":"repeat","background-position":"center center","background-size":"auto","background-attachment":"scroll","background-type":"","background-media":"","overlay-type":"","overlay-color":"","overlay-gradient":""},"mobile":{"background-color":"var(--ast-global-color-5)","background-image":"","background-repeat":"repeat","background-position":"center center","background-size":"auto","background-attachment":"scroll","background-type":"","background-media":"","overlay-type":"","overlay-color":"","overlay-gradient":""}},"footnotes":""},"categories":[1184,1141],"tags":[42520,102445,17099,6224,5113],"class_list":["post-46682","post","type-post","status-publish","format-standard","hentry","category-organizacion-y-planificacion-de-la-educacion","category-pedagogia","tag-angeles-maria-gervilla-castillo","tag-arturo-orden-hoz","tag-elvira-repetto-talavera","tag-gonzalo-vazquez-gomez","tag-victor-garcia-hoz"],"_links":{"self":[{"href":"https:\/\/www.deberes.net\/tesis\/wp-json\/wp\/v2\/posts\/46682","targetHints":{"allow":["GET"]}}],"collection":[{"href":"https:\/\/www.deberes.net\/tesis\/wp-json\/wp\/v2\/posts"}],"about":[{"href":"https:\/\/www.deberes.net\/tesis\/wp-json\/wp\/v2\/types\/post"}],"author":[{"embeddable":true,"href":"https:\/\/www.deberes.net\/tesis\/wp-json\/wp\/v2\/users\/1"}],"replies":[{"embeddable":true,"href":"https:\/\/www.deberes.net\/tesis\/wp-json\/wp\/v2\/comments?post=46682"}],"version-history":[{"count":0,"href":"https:\/\/www.deberes.net\/tesis\/wp-json\/wp\/v2\/posts\/46682\/revisions"}],"wp:attachment":[{"href":"https:\/\/www.deberes.net\/tesis\/wp-json\/wp\/v2\/media?parent=46682"}],"wp:term":[{"taxonomy":"category","embeddable":true,"href":"https:\/\/www.deberes.net\/tesis\/wp-json\/wp\/v2\/categories?post=46682"},{"taxonomy":"post_tag","embeddable":true,"href":"https:\/\/www.deberes.net\/tesis\/wp-json\/wp\/v2\/tags?post=46682"}],"curies":[{"name":"wp","href":"https:\/\/api.w.org\/{rel}","templated":true}]}}