{"id":46748,"date":"2019-12-27T23:19:47","date_gmt":"2019-12-27T23:19:47","guid":{"rendered":"https:\/\/www.deberes.net\/tesis\/sin-categoria\/la-personalidad-del-puertorriqueno-y-los-aspectos-educativos-en-la-novelistica-contemporanea-de-puerto-rico-los-vates-de-tomas-blanco-y-los-amos-benevolos-de-enrique-a-laguerra\/"},"modified":"2019-12-27T23:19:47","modified_gmt":"2019-12-27T23:19:47","slug":"la-personalidad-del-puertorriqueno-y-los-aspectos-educativos-en-la-novelistica-contemporanea-de-puerto-rico-los-vates-de-tomas-blanco-y-los-amos-benevolos-de-enrique-a-laguerra","status":"publish","type":"post","link":"https:\/\/www.deberes.net\/tesis\/pedagogia\/la-personalidad-del-puertorriqueno-y-los-aspectos-educativos-en-la-novelistica-contemporanea-de-puerto-rico-los-vates-de-tomas-blanco-y-los-amos-benevolos-de-enrique-a-laguerra\/","title":{"rendered":"La personalidad del puertorrique\u00f1o y los aspectos educativos en la novelistica contemporanea de puerto rico: los vates de tomas blanco y los amos benevolos de enrique a. laguerra."},"content":{"rendered":"<h2>Tesis doctoral de <strong>  Monserrat Gamiz M. Carmen <\/strong><\/h2>\n<p>Se trata de un estudio de la personalidad del puertorrique\u00f1o y de algunos aspectos educativos que ofrecen las novelas los vates de tomas blanco y los amos benevolos de enrique a. Laguerre  escritores puertorrique\u00f1os pertenecientes a la generacion literaria de 1930 &#8211; en la isla &#8211; cuyos ideales comparten desde perspectivas artisticas  pedagogicas y sociales disimiles. En las conclusiones derivadas del analisis de las obras se percibe la coincidencia  disparidad y complementariedad que dichas novelas parecen ofrecer al lector puertorrique\u00f1o e hispanohablante.<\/p>\n<p>&nbsp;<\/p>\n<h3>Datos acad\u00e9micos de la tesis doctoral \u00ab<strong>La personalidad del puertorrique\u00f1o y los aspectos educativos en la novelistica contemporanea de puerto rico: los vates de tomas blanco y los amos benevolos de enrique a. laguerra.<\/strong>\u00ab<\/h3>\n<ul>\n<li><strong>T\u00edtulo de la tesis:<\/strong>\u00a0 La personalidad del puertorrique\u00f1o y los aspectos educativos en la novelistica contemporanea de puerto rico: los vates de tomas blanco y los amos benevolos de enrique a. laguerra. <\/li>\n<li><strong>Autor:<\/strong>\u00a0  Monserrat Gamiz M. Carmen <\/li>\n<li><strong>Universidad:<\/strong>\u00a0 Complutense de Madrid<\/li>\n<li><strong>Fecha de lectura de la tesis:<\/strong>\u00a0 01\/01\/1980<\/li>\n<\/ul>\n<p>&nbsp;<\/p>\n<h3>Direcci\u00f3n y tribunal<\/h3>\n<ul>\n<li><strong>Director de la tesis<\/strong>\n<ul>\n<li> Sanchez Casta\u00f1er Mena Francisco<\/li>\n<\/ul>\n<\/li>\n<li><strong>Tribunal<\/strong>\n<ul>\n<li>Presidente del tribunal: Victor Garcia Hoz <\/li>\n<li>Gonz\u00e1lo V\u00e1zquez G\u00f3mez (vocal)<\/li>\n<li>Mar\u00eda  Isabel Gutierrez Zuloaga (vocal)<\/li>\n<li>Francisco Sanchez Casta\u00f1er (vocal)<\/li>\n<\/ul>\n<\/li>\n<\/ul>\n<p>&nbsp;<\/p>\n","protected":false},"excerpt":{"rendered":"<p>Tesis doctoral de Monserrat Gamiz M. Carmen Se trata de un estudio de la personalidad del puertorrique\u00f1o y de algunos [&hellip;]<\/p>\n","protected":false},"author":1,"featured_media":0,"comment_status":"open","ping_status":"open","sticky":false,"template":"","format":"standard","meta":{"site-sidebar-layout":"default","site-content-layout":"","ast-site-content-layout":"","site-content-style":"default","site-sidebar-style":"default","ast-global-header-display":"","ast-banner-title-visibility":"","ast-main-header-display":"","ast-hfb-above-header-display":"","ast-hfb-below-header-display":"","ast-hfb-mobile-header-display":"","site-post-title":"","ast-breadcrumbs-content":"","ast-featured-img":"","footer-sml-layout":"","theme-transparent-header-meta":"","adv-header-id-meta":"","stick-header-meta":"","header-above-stick-meta":"","header-main-stick-meta":"","header-below-stick-meta":"","astra-migrate-meta-layouts":"default","ast-page-background-enabled":"default","ast-page-background-meta":{"desktop":{"background-color":"var(--ast-global-color-4)","background-image":"","background-repeat":"repeat","background-position":"center center","background-size":"auto","background-attachment":"scroll","background-type":"","background-media":"","overlay-type":"","overlay-color":"","overlay-gradient":""},"tablet":{"background-color":"","background-image":"","background-repeat":"repeat","background-position":"center center","background-size":"auto","background-attachment":"scroll","background-type":"","background-media":"","overlay-type":"","overlay-color":"","overlay-gradient":""},"mobile":{"background-color":"","background-image":"","background-repeat":"repeat","background-position":"center center","background-size":"auto","background-attachment":"scroll","background-type":"","background-media":"","overlay-type":"","overlay-color":"","overlay-gradient":""}},"ast-content-background-meta":{"desktop":{"background-color":"var(--ast-global-color-5)","background-image":"","background-repeat":"repeat","background-position":"center center","background-size":"auto","background-attachment":"scroll","background-type":"","background-media":"","overlay-type":"","overlay-color":"","overlay-gradient":""},"tablet":{"background-color":"var(--ast-global-color-5)","background-image":"","background-repeat":"repeat","background-position":"center center","background-size":"auto","background-attachment":"scroll","background-type":"","background-media":"","overlay-type":"","overlay-color":"","overlay-gradient":""},"mobile":{"background-color":"var(--ast-global-color-5)","background-image":"","background-repeat":"repeat","background-position":"center center","background-size":"auto","background-attachment":"scroll","background-type":"","background-media":"","overlay-type":"","overlay-color":"","overlay-gradient":""}},"footnotes":""},"categories":[1141,1341],"tags":[111361,6224,22676,111373,787,5113],"class_list":["post-46748","post","type-post","status-publish","format-standard","hentry","category-pedagogia","category-teoria-y-metodos-educativos","tag-francisco-sanchez-castaner","tag-gonzalo-vazquez-gomez","tag-maria-isabel-gutierrez-zuloaga","tag-monserrat-gamiz-m-carmen","tag-sanchez-castaner-mena-francisco","tag-victor-garcia-hoz"],"_links":{"self":[{"href":"https:\/\/www.deberes.net\/tesis\/wp-json\/wp\/v2\/posts\/46748","targetHints":{"allow":["GET"]}}],"collection":[{"href":"https:\/\/www.deberes.net\/tesis\/wp-json\/wp\/v2\/posts"}],"about":[{"href":"https:\/\/www.deberes.net\/tesis\/wp-json\/wp\/v2\/types\/post"}],"author":[{"embeddable":true,"href":"https:\/\/www.deberes.net\/tesis\/wp-json\/wp\/v2\/users\/1"}],"replies":[{"embeddable":true,"href":"https:\/\/www.deberes.net\/tesis\/wp-json\/wp\/v2\/comments?post=46748"}],"version-history":[{"count":0,"href":"https:\/\/www.deberes.net\/tesis\/wp-json\/wp\/v2\/posts\/46748\/revisions"}],"wp:attachment":[{"href":"https:\/\/www.deberes.net\/tesis\/wp-json\/wp\/v2\/media?parent=46748"}],"wp:term":[{"taxonomy":"category","embeddable":true,"href":"https:\/\/www.deberes.net\/tesis\/wp-json\/wp\/v2\/categories?post=46748"},{"taxonomy":"post_tag","embeddable":true,"href":"https:\/\/www.deberes.net\/tesis\/wp-json\/wp\/v2\/tags?post=46748"}],"curies":[{"name":"wp","href":"https:\/\/api.w.org\/{rel}","templated":true}]}}