{"id":4683,"date":"2018-03-09T00:06:58","date_gmt":"2018-03-09T00:06:58","guid":{"rendered":"https:\/\/www.deberes.net\/tesis\/2018\/03\/09\/los-medicos-catalanes-exiliados-en-mejico\/"},"modified":"2018-03-09T00:06:58","modified_gmt":"2018-03-09T00:06:58","slug":"los-medicos-catalanes-exiliados-en-mejico","status":"publish","type":"post","link":"https:\/\/www.deberes.net\/tesis\/historia\/los-medicos-catalanes-exiliados-en-mejico\/","title":{"rendered":"Los m\u00e9dicos catalanes exiliados en m\u00e9jico"},"content":{"rendered":"<h2>Tesis doctoral de <strong> Antoni Puche Manaut <\/strong><\/h2>\n<p>Finalizada la guerra civil espa\u00f1ola, muchas personas de ideolog\u00eda contrapuesta a la de los vencedores se exiliaron, entre ellos, m\u00e9dicos. El estudio se propone definir la tarea que los m\u00e9dicos catalanes exiliados en m\u00e9jico, realizaron, sindo este pa\u00eds donde acudieron mayoritariamente, por razones ideol\u00f3gicas. Tambi\u00e9n se analiza la p\u00e9rdida que supuso para catalu\u00f1a el hecho de que se fueran.  los resultados son que, aunque en catalu\u00f1a, en generarlo no hubo grandes p\u00e9rdidas irrecuperables de cara al posterior funcionamiento de la medicina, s\u00ed hubo p\u00e9rdidas puntuales muy valiosas, y un empobrecimiento de la manera de enfocar la medicina social y con acento catal\u00e1n. Se perdi\u00f3 para siempre, por ejemplo, la gran  escuela de fisiolog\u00eda de pi i sunyer.  en m\u00e9jico, coincidiendo con un momento hist\u00f3rico excepcional, hicieron una buena aportaci\u00f3n global, y muy importante, en ocasiones. Realizaron labores docentes y de investigaci\u00f3n en las universidades, y algunos crearon escuelas s\u00f3lidas, como folch i pi, puche, oriol o carrasco. Realizaron una importante aportaci\u00f3n en las traducciones m\u00e9dicas y en la industria farmac\u00e9utica (folch c\u00e9sar pi, dutrem). Asimismo, un buen n\u00famero de buenos profesionales contribuyeron a elevar elnivel de la calidad de la medicina mexicana.<\/p>\n<p>&nbsp;<\/p>\n<h3>Datos acad\u00e9micos de la tesis doctoral \u00ab<strong>Los m\u00e9dicos catalanes exiliados en m\u00e9jico<\/strong>\u00ab<\/h3>\n<ul>\n<li><strong>T\u00edtulo de la tesis:<\/strong>\u00a0 Los m\u00e9dicos catalanes exiliados en m\u00e9jico <\/li>\n<li><strong>Autor:<\/strong>\u00a0 Antoni Puche Manaut <\/li>\n<li><strong>Universidad:<\/strong>\u00a0 Barcelona<\/li>\n<li><strong>Fecha de lectura de la tesis:<\/strong>\u00a0 20\/09\/1994<\/li>\n<\/ul>\n<p>&nbsp;<\/p>\n<h3>Direcci\u00f3n y tribunal<\/h3>\n<ul>\n<li><strong>Director de la tesis<\/strong>\n<ul>\n<li>Jacint Corbella Corbella<\/li>\n<\/ul>\n<\/li>\n<li><strong>Tribunal<\/strong>\n<ul>\n<li>Presidente del tribunal: josep Laporte salas <\/li>\n<li>emili Huguet ramia (vocal)<\/li>\n<li>Manuel Rodr\u00edguez pazos (vocal)<\/li>\n<li>edelmira Domenech llaberia (vocal)<\/li>\n<\/ul>\n<\/li>\n<\/ul>\n<p>&nbsp;<\/p>\n","protected":false},"excerpt":{"rendered":"<p>Tesis doctoral de Antoni Puche Manaut Finalizada la guerra civil espa\u00f1ola, muchas personas de ideolog\u00eda contrapuesta a la de los [&hellip;]<\/p>\n","protected":false},"author":1,"featured_media":0,"comment_status":"open","ping_status":"open","sticky":false,"template":"","format":"standard","meta":{"site-sidebar-layout":"default","site-content-layout":"","ast-site-content-layout":"","site-content-style":"default","site-sidebar-style":"default","ast-global-header-display":"","ast-banner-title-visibility":"","ast-main-header-display":"","ast-hfb-above-header-display":"","ast-hfb-below-header-display":"","ast-hfb-mobile-header-display":"","site-post-title":"","ast-breadcrumbs-content":"","ast-featured-img":"","footer-sml-layout":"","theme-transparent-header-meta":"","adv-header-id-meta":"","stick-header-meta":"","header-above-stick-meta":"","header-main-stick-meta":"","header-below-stick-meta":"","astra-migrate-meta-layouts":"default","ast-page-background-enabled":"default","ast-page-background-meta":{"desktop":{"background-color":"var(--ast-global-color-4)","background-image":"","background-repeat":"repeat","background-position":"center center","background-size":"auto","background-attachment":"scroll","background-type":"","background-media":"","overlay-type":"","overlay-color":"","overlay-gradient":""},"tablet":{"background-color":"","background-image":"","background-repeat":"repeat","background-position":"center center","background-size":"auto","background-attachment":"scroll","background-type":"","background-media":"","overlay-type":"","overlay-color":"","overlay-gradient":""},"mobile":{"background-color":"","background-image":"","background-repeat":"repeat","background-position":"center center","background-size":"auto","background-attachment":"scroll","background-type":"","background-media":"","overlay-type":"","overlay-color":"","overlay-gradient":""}},"ast-content-background-meta":{"desktop":{"background-color":"var(--ast-global-color-5)","background-image":"","background-repeat":"repeat","background-position":"center center","background-size":"auto","background-attachment":"scroll","background-type":"","background-media":"","overlay-type":"","overlay-color":"","overlay-gradient":""},"tablet":{"background-color":"var(--ast-global-color-5)","background-image":"","background-repeat":"repeat","background-position":"center center","background-size":"auto","background-attachment":"scroll","background-type":"","background-media":"","overlay-type":"","overlay-color":"","overlay-gradient":""},"mobile":{"background-color":"var(--ast-global-color-5)","background-image":"","background-repeat":"repeat","background-position":"center center","background-size":"auto","background-attachment":"scroll","background-type":"","background-media":"","overlay-type":"","overlay-color":"","overlay-gradient":""}},"footnotes":""},"categories":[951,104,221,222],"tags":[19068,13749,3941,103,287,407],"class_list":["post-4683","post","type-post","status-publish","format-standard","hentry","category-barcelona","category-historia","category-historia-de-la-medicina","category-historias-especializadas","tag-antoni-puche-manaut","tag-edelmira-domenech-llaberia","tag-emili-huguet-ramia","tag-jacint-corbella-corbella","tag-josep-laporte-salas","tag-manuel-rodriguez-pazos"],"_links":{"self":[{"href":"https:\/\/www.deberes.net\/tesis\/wp-json\/wp\/v2\/posts\/4683","targetHints":{"allow":["GET"]}}],"collection":[{"href":"https:\/\/www.deberes.net\/tesis\/wp-json\/wp\/v2\/posts"}],"about":[{"href":"https:\/\/www.deberes.net\/tesis\/wp-json\/wp\/v2\/types\/post"}],"author":[{"embeddable":true,"href":"https:\/\/www.deberes.net\/tesis\/wp-json\/wp\/v2\/users\/1"}],"replies":[{"embeddable":true,"href":"https:\/\/www.deberes.net\/tesis\/wp-json\/wp\/v2\/comments?post=4683"}],"version-history":[{"count":0,"href":"https:\/\/www.deberes.net\/tesis\/wp-json\/wp\/v2\/posts\/4683\/revisions"}],"wp:attachment":[{"href":"https:\/\/www.deberes.net\/tesis\/wp-json\/wp\/v2\/media?parent=4683"}],"wp:term":[{"taxonomy":"category","embeddable":true,"href":"https:\/\/www.deberes.net\/tesis\/wp-json\/wp\/v2\/categories?post=4683"},{"taxonomy":"post_tag","embeddable":true,"href":"https:\/\/www.deberes.net\/tesis\/wp-json\/wp\/v2\/tags?post=4683"}],"curies":[{"name":"wp","href":"https:\/\/api.w.org\/{rel}","templated":true}]}}