{"id":46837,"date":"2020-01-12T01:29:56","date_gmt":"2020-01-12T01:29:56","guid":{"rendered":"https:\/\/www.deberes.net\/tesis\/sin-categoria\/el-psicodiagnostico-de-rorschach-y-la-afectividad-en-estudiantes-universitarios-de-psicologia\/"},"modified":"2020-01-12T01:29:56","modified_gmt":"2020-01-12T01:29:56","slug":"el-psicodiagnostico-de-rorschach-y-la-afectividad-en-estudiantes-universitarios-de-psicologia","status":"publish","type":"post","link":"https:\/\/www.deberes.net\/tesis\/psicologia\/el-psicodiagnostico-de-rorschach-y-la-afectividad-en-estudiantes-universitarios-de-psicologia\/","title":{"rendered":"El psicodiagnostico de rorschach y la afectividad en estudiantes universitarios de psicolog\u00eda"},"content":{"rendered":"<h2>Tesis doctoral de <strong>  Tapia Pavon Adelfo Humberto <\/strong><\/h2>\n<p>Dato del que partimos: crisis de la universidad. Causas:  ambientales y\/o individuales. Delimitacion del problema:  estudiantes de psicolog\u00eda. Hipotesis: los futuros profesionales de psicolog\u00eda egresan de la universidad sin la madurez emocional exigidas por las normas etico-profesionales para ejercer su profesion.  instrumento de investigacion: psicodiagnostico de rorschoch. Muestra: 50 estudiantes del 5. A\u00f1o de la seccion de psicolog\u00eda  y un grupo de control. El trabajo consta de 3 partes; en la 1. Se indica a nivel informativo la estructura del psicodiagnostico y el contenido de algunos conceptos; en la 2.  Se relaciona la estructura de la personalidad con la estructura del psicodiagnostico; en la 3. Se analizan los resultados que indican deficiencias o por exceso o por defecto de cada uno de los 50 casos. Se buscan los porcentajes de los indices diagnosticos de desajuste. De los datos se sacan las conclusiones. Se comparan los datos de los grupos.  los datos confirman la hipotesis sometida a prueba.<\/p>\n<p>&nbsp;<\/p>\n<h3>Datos acad\u00e9micos de la tesis doctoral \u00ab<strong>El psicodiagnostico de rorschach y la afectividad en estudiantes universitarios de psicolog\u00eda<\/strong>\u00ab<\/h3>\n<ul>\n<li><strong>T\u00edtulo de la tesis:<\/strong>\u00a0 El psicodiagnostico de rorschach y la afectividad en estudiantes universitarios de psicolog\u00eda <\/li>\n<li><strong>Autor:<\/strong>\u00a0  Tapia Pavon Adelfo Humberto <\/li>\n<li><strong>Universidad:<\/strong>\u00a0 Complutense de Madrid<\/li>\n<li><strong>Fecha de lectura de la tesis:<\/strong>\u00a0 01\/01\/1980<\/li>\n<\/ul>\n<p>&nbsp;<\/p>\n<h3>Direcci\u00f3n y tribunal<\/h3>\n<ul>\n<li><strong>Director de la tesis<\/strong>\n<ul>\n<li>Jos\u00e9 Luis Pinillos D\u00edaz<\/li>\n<\/ul>\n<\/li>\n<li><strong>Tribunal<\/strong>\n<ul>\n<li>Presidente del tribunal: Victor Garcia Hoz <\/li>\n<li>Mar\u00eda  Isabel Gutierrez Zuloaga (vocal)<\/li>\n<li>Jos\u00e9 Luis Pinillos D\u00edaz (vocal)<\/li>\n<li>Gonz\u00e1lo V\u00e1zquez G\u00f3mez (vocal)<\/li>\n<\/ul>\n<\/li>\n<\/ul>\n<p>&nbsp;<\/p>\n","protected":false},"excerpt":{"rendered":"<p>Tesis doctoral de Tapia Pavon Adelfo Humberto Dato del que partimos: crisis de la universidad. Causas: ambientales y\/o individuales. Delimitacion [&hellip;]<\/p>\n","protected":false},"author":1,"featured_media":0,"comment_status":"open","ping_status":"open","sticky":false,"template":"","format":"standard","meta":{"site-sidebar-layout":"default","site-content-layout":"","ast-site-content-layout":"","site-content-style":"default","site-sidebar-style":"default","ast-global-header-display":"","ast-banner-title-visibility":"","ast-main-header-display":"","ast-hfb-above-header-display":"","ast-hfb-below-header-display":"","ast-hfb-mobile-header-display":"","site-post-title":"","ast-breadcrumbs-content":"","ast-featured-img":"","footer-sml-layout":"","theme-transparent-header-meta":"","adv-header-id-meta":"","stick-header-meta":"","header-above-stick-meta":"","header-main-stick-meta":"","header-below-stick-meta":"","astra-migrate-meta-layouts":"default","ast-page-background-enabled":"default","ast-page-background-meta":{"desktop":{"background-color":"var(--ast-global-color-4)","background-image":"","background-repeat":"repeat","background-position":"center center","background-size":"auto","background-attachment":"scroll","background-type":"","background-media":"","overlay-type":"","overlay-color":"","overlay-gradient":""},"tablet":{"background-color":"","background-image":"","background-repeat":"repeat","background-position":"center center","background-size":"auto","background-attachment":"scroll","background-type":"","background-media":"","overlay-type":"","overlay-color":"","overlay-gradient":""},"mobile":{"background-color":"","background-image":"","background-repeat":"repeat","background-position":"center center","background-size":"auto","background-attachment":"scroll","background-type":"","background-media":"","overlay-type":"","overlay-color":"","overlay-gradient":""}},"ast-content-background-meta":{"desktop":{"background-color":"var(--ast-global-color-5)","background-image":"","background-repeat":"repeat","background-position":"center center","background-size":"auto","background-attachment":"scroll","background-type":"","background-media":"","overlay-type":"","overlay-color":"","overlay-gradient":""},"tablet":{"background-color":"var(--ast-global-color-5)","background-image":"","background-repeat":"repeat","background-position":"center center","background-size":"auto","background-attachment":"scroll","background-type":"","background-media":"","overlay-type":"","overlay-color":"","overlay-gradient":""},"mobile":{"background-color":"var(--ast-global-color-5)","background-image":"","background-repeat":"repeat","background-position":"center center","background-size":"auto","background-attachment":"scroll","background-type":"","background-media":"","overlay-type":"","overlay-color":"","overlay-gradient":""}},"footnotes":""},"categories":[6893,6894,324],"tags":[6224,5135,22676,111452,5113],"class_list":["post-46837","post","type-post","status-publish","format-standard","hentry","category-medida-de-la-personalidad","category-personalidad","category-psicologia","tag-gonzalo-vazquez-gomez","tag-jose-luis-pinillos-diaz","tag-maria-isabel-gutierrez-zuloaga","tag-tapia-pavon-adelfo-humberto","tag-victor-garcia-hoz"],"_links":{"self":[{"href":"https:\/\/www.deberes.net\/tesis\/wp-json\/wp\/v2\/posts\/46837","targetHints":{"allow":["GET"]}}],"collection":[{"href":"https:\/\/www.deberes.net\/tesis\/wp-json\/wp\/v2\/posts"}],"about":[{"href":"https:\/\/www.deberes.net\/tesis\/wp-json\/wp\/v2\/types\/post"}],"author":[{"embeddable":true,"href":"https:\/\/www.deberes.net\/tesis\/wp-json\/wp\/v2\/users\/1"}],"replies":[{"embeddable":true,"href":"https:\/\/www.deberes.net\/tesis\/wp-json\/wp\/v2\/comments?post=46837"}],"version-history":[{"count":0,"href":"https:\/\/www.deberes.net\/tesis\/wp-json\/wp\/v2\/posts\/46837\/revisions"}],"wp:attachment":[{"href":"https:\/\/www.deberes.net\/tesis\/wp-json\/wp\/v2\/media?parent=46837"}],"wp:term":[{"taxonomy":"category","embeddable":true,"href":"https:\/\/www.deberes.net\/tesis\/wp-json\/wp\/v2\/categories?post=46837"},{"taxonomy":"post_tag","embeddable":true,"href":"https:\/\/www.deberes.net\/tesis\/wp-json\/wp\/v2\/tags?post=46837"}],"curies":[{"name":"wp","href":"https:\/\/api.w.org\/{rel}","templated":true}]}}