{"id":46943,"date":"2020-01-29T23:11:59","date_gmt":"2020-01-29T23:11:59","guid":{"rendered":"https:\/\/www.deberes.net\/tesis\/sin-categoria\/gramatica-y-categorias-gramaticales-en-la-tradicion-espanola-1771-1847\/"},"modified":"2020-01-29T23:11:59","modified_gmt":"2020-01-29T23:11:59","slug":"gramatica-y-categorias-gramaticales-en-la-tradicion-espanola-1771-1847","status":"publish","type":"post","link":"https:\/\/www.deberes.net\/tesis\/linguistica\/gramatica-y-categorias-gramaticales-en-la-tradicion-espanola-1771-1847\/","title":{"rendered":"Gramatica y categorias gramaticales en la tradicion espa\u00f1ola. 1771-1847"},"content":{"rendered":"<h2>Tesis doctoral de <strong> Jos\u00e9 Jes\u00fas G\u00f3mez Asencio <\/strong><\/h2>\n<p>La tesis es un estudio sobre historia de la teoria gramatical producida en espa\u00f1a en periodo comprendido entre 1771 y 1847. El trabajo se halla dividido en tres capitulos; en el primero se analizan las concepciones que en el periodo elegido se tenian de la disciplina partiendo para ello de las definiciones de gramatica  de las partes en que esta era dividida  de las definiciones y tratamientos asignados a estas partes y de los contenidos agrupados en los textos gramaticales. En el capitulo dos se estudia la teoria y la practica acerca de las partes de la oracion; se atiende a la originalidad y tradicionalismo de las concepciones  a la busqueda de las fuentes virtuales de los gramaticos y a explicar la autentica concepcion y dimension historica de las teorias. El capitulo tres se ocupa de la clasificacion de las clases de palabras: se presenta en el un esquema comentado y critico de cada una de las clasificaciones propuestas y un analisis detallado de algunas de las subclases que presentan mayor interes y actualidad. La tesis va precedida de una introduccion metodologica y seguida de unas conclusiones generales.<\/p>\n<p>&nbsp;<\/p>\n<h3>Datos acad\u00e9micos de la tesis doctoral \u00ab<strong>Gramatica y categorias gramaticales en la tradicion espa\u00f1ola. 1771-1847<\/strong>\u00ab<\/h3>\n<ul>\n<li><strong>T\u00edtulo de la tesis:<\/strong>\u00a0 Gramatica y categorias gramaticales en la tradicion espa\u00f1ola. 1771-1847 <\/li>\n<li><strong>Autor:<\/strong>\u00a0 Jos\u00e9 Jes\u00fas G\u00f3mez Asencio <\/li>\n<li><strong>Universidad:<\/strong>\u00a0 Salamanca<\/li>\n<li><strong>Fecha de lectura de la tesis:<\/strong>\u00a0 01\/01\/1980<\/li>\n<\/ul>\n<p>&nbsp;<\/p>\n<h3>Direcci\u00f3n y tribunal<\/h3>\n<ul>\n<li><strong>Director de la tesis<\/strong>\n<ul>\n<li> Llorente Maldonado De Guevara Antonio<\/li>\n<\/ul>\n<\/li>\n<li><strong>Tribunal<\/strong>\n<ul>\n<li>Presidente del tribunal: Antonio Llorente Maldonado <\/li>\n<li>Fernando Lazaro Carreter (vocal)<\/li>\n<li>Manuel Alvar Lopez (vocal)<\/li>\n<li>Jos\u00e9 Luis Pensado Tome (vocal)<\/li>\n<\/ul>\n<\/li>\n<\/ul>\n<p>&nbsp;<\/p>\n","protected":false},"excerpt":{"rendered":"<p>Tesis doctoral de Jos\u00e9 Jes\u00fas G\u00f3mez Asencio La tesis es un estudio sobre historia de la teoria gramatical producida en [&hellip;]<\/p>\n","protected":false},"author":1,"featured_media":0,"comment_status":"open","ping_status":"open","sticky":false,"template":"","format":"standard","meta":{"site-sidebar-layout":"default","site-content-layout":"","ast-site-content-layout":"","site-content-style":"default","site-sidebar-style":"default","ast-global-header-display":"","ast-banner-title-visibility":"","ast-main-header-display":"","ast-hfb-above-header-display":"","ast-hfb-below-header-display":"","ast-hfb-mobile-header-display":"","site-post-title":"","ast-breadcrumbs-content":"","ast-featured-img":"","footer-sml-layout":"","theme-transparent-header-meta":"","adv-header-id-meta":"","stick-header-meta":"","header-above-stick-meta":"","header-main-stick-meta":"","header-below-stick-meta":"","astra-migrate-meta-layouts":"default","ast-page-background-enabled":"default","ast-page-background-meta":{"desktop":{"background-color":"var(--ast-global-color-4)","background-image":"","background-repeat":"repeat","background-position":"center center","background-size":"auto","background-attachment":"scroll","background-type":"","background-media":"","overlay-type":"","overlay-color":"","overlay-gradient":""},"tablet":{"background-color":"","background-image":"","background-repeat":"repeat","background-position":"center center","background-size":"auto","background-attachment":"scroll","background-type":"","background-media":"","overlay-type":"","overlay-color":"","overlay-gradient":""},"mobile":{"background-color":"","background-image":"","background-repeat":"repeat","background-position":"center center","background-size":"auto","background-attachment":"scroll","background-type":"","background-media":"","overlay-type":"","overlay-color":"","overlay-gradient":""}},"ast-content-background-meta":{"desktop":{"background-color":"var(--ast-global-color-5)","background-image":"","background-repeat":"repeat","background-position":"center center","background-size":"auto","background-attachment":"scroll","background-type":"","background-media":"","overlay-type":"","overlay-color":"","overlay-gradient":""},"tablet":{"background-color":"var(--ast-global-color-5)","background-image":"","background-repeat":"repeat","background-position":"center center","background-size":"auto","background-attachment":"scroll","background-type":"","background-media":"","overlay-type":"","overlay-color":"","overlay-gradient":""},"mobile":{"background-color":"var(--ast-global-color-5)","background-image":"","background-repeat":"repeat","background-position":"center center","background-size":"auto","background-attachment":"scroll","background-type":"","background-media":"","overlay-type":"","overlay-color":"","overlay-gradient":""}},"footnotes":""},"categories":[59,423,590,9386],"tags":[94324,13413,36498,611,110339,793],"class_list":["post-46943","post","type-post","status-publish","format-standard","hentry","category-linguistica","category-linguistica-diacronica","category-linguistica-historica","category-salamanca","tag-antonio-llorente-maldonado","tag-fernando-lazaro-carreter","tag-jose-jesus-gomez-asencio","tag-jose-luis-pensado-tome","tag-llorente-maldonado-de-guevara-antonio","tag-manuel-alvar-lopez"],"_links":{"self":[{"href":"https:\/\/www.deberes.net\/tesis\/wp-json\/wp\/v2\/posts\/46943","targetHints":{"allow":["GET"]}}],"collection":[{"href":"https:\/\/www.deberes.net\/tesis\/wp-json\/wp\/v2\/posts"}],"about":[{"href":"https:\/\/www.deberes.net\/tesis\/wp-json\/wp\/v2\/types\/post"}],"author":[{"embeddable":true,"href":"https:\/\/www.deberes.net\/tesis\/wp-json\/wp\/v2\/users\/1"}],"replies":[{"embeddable":true,"href":"https:\/\/www.deberes.net\/tesis\/wp-json\/wp\/v2\/comments?post=46943"}],"version-history":[{"count":0,"href":"https:\/\/www.deberes.net\/tesis\/wp-json\/wp\/v2\/posts\/46943\/revisions"}],"wp:attachment":[{"href":"https:\/\/www.deberes.net\/tesis\/wp-json\/wp\/v2\/media?parent=46943"}],"wp:term":[{"taxonomy":"category","embeddable":true,"href":"https:\/\/www.deberes.net\/tesis\/wp-json\/wp\/v2\/categories?post=46943"},{"taxonomy":"post_tag","embeddable":true,"href":"https:\/\/www.deberes.net\/tesis\/wp-json\/wp\/v2\/tags?post=46943"}],"curies":[{"name":"wp","href":"https:\/\/api.w.org\/{rel}","templated":true}]}}