{"id":47233,"date":"2020-03-18T18:45:42","date_gmt":"2020-03-18T18:45:42","guid":{"rendered":"https:\/\/www.deberes.net\/tesis\/sin-categoria\/muerte-celular-en-el-desarrollo-del-oido-interno\/"},"modified":"2020-03-18T18:45:42","modified_gmt":"2020-03-18T18:45:42","slug":"muerte-celular-en-el-desarrollo-del-oido-interno","status":"publish","type":"post","link":"https:\/\/www.deberes.net\/tesis\/ciencias-de-la-vida\/muerte-celular-en-el-desarrollo-del-oido-interno\/","title":{"rendered":"Muerte celular en el desarrollo del oido interno."},"content":{"rendered":"<h2>Tesis doctoral de <strong>  Represa De La Guerra Jos\u00e9 Juan <\/strong><\/h2>\n<p>Se ha estudiado  el papel mofogenetico de la muerte celular en el desarrollo del otocisto del raton y del hombre. Se discute el papel que las areas de muerte celular desempe\u00f1an en el hundimiento y aislamiento del oido interno asi como las degeneraciones vinculadas al ganglio estatoacustico y su interrelacion espacio-temporal. Su presencia constante en los animales estudiados y en las aves  apoyan las conclusiones que el doctorando infiere de sus estudios.<\/p>\n<p>&nbsp;<\/p>\n<h3>Datos acad\u00e9micos de la tesis doctoral \u00ab<strong>Muerte celular en el desarrollo del oido interno.<\/strong>\u00ab<\/h3>\n<ul>\n<li><strong>T\u00edtulo de la tesis:<\/strong>\u00a0 Muerte celular en el desarrollo del oido interno. <\/li>\n<li><strong>Autor:<\/strong>\u00a0  Represa De La Guerra Jos\u00e9 Juan <\/li>\n<li><strong>Universidad:<\/strong>\u00a0 Valladolid<\/li>\n<li><strong>Fecha de lectura de la tesis:<\/strong>\u00a0 01\/01\/1980<\/li>\n<\/ul>\n<p>&nbsp;<\/p>\n<h3>Direcci\u00f3n y tribunal<\/h3>\n<ul>\n<li><strong>Director de la tesis<\/strong>\n<ul>\n<li>Enrique Barbosa Ayucar<\/li>\n<\/ul>\n<\/li>\n<li><strong>Tribunal<\/strong>\n<ul>\n<li>Presidente del tribunal: Pedro Gomez Bosque <\/li>\n<li>\u00e1ngel Mara\u00f1\u00f3n Cabello (vocal)<\/li>\n<li>Cesar Aguirre Viani (vocal)<\/li>\n<li>Miguel Gonzalez Perez (vocal)<\/li>\n<\/ul>\n<\/li>\n<\/ul>\n<p>&nbsp;<\/p>\n","protected":false},"excerpt":{"rendered":"<p>Tesis doctoral de Represa De La Guerra Jos\u00e9 Juan Se ha estudiado el papel mofogenetico de la muerte celular en [&hellip;]<\/p>\n","protected":false},"author":1,"featured_media":0,"comment_status":"open","ping_status":"open","sticky":false,"template":"","format":"standard","meta":{"site-sidebar-layout":"default","site-content-layout":"","ast-site-content-layout":"","site-content-style":"default","site-sidebar-style":"default","ast-global-header-display":"","ast-banner-title-visibility":"","ast-main-header-display":"","ast-hfb-above-header-display":"","ast-hfb-below-header-display":"","ast-hfb-mobile-header-display":"","site-post-title":"","ast-breadcrumbs-content":"","ast-featured-img":"","footer-sml-layout":"","theme-transparent-header-meta":"","adv-header-id-meta":"","stick-header-meta":"","header-above-stick-meta":"","header-main-stick-meta":"","header-below-stick-meta":"","astra-migrate-meta-layouts":"default","ast-page-background-enabled":"default","ast-page-background-meta":{"desktop":{"background-color":"var(--ast-global-color-4)","background-image":"","background-repeat":"repeat","background-position":"center center","background-size":"auto","background-attachment":"scroll","background-type":"","background-media":"","overlay-type":"","overlay-color":"","overlay-gradient":""},"tablet":{"background-color":"","background-image":"","background-repeat":"repeat","background-position":"center center","background-size":"auto","background-attachment":"scroll","background-type":"","background-media":"","overlay-type":"","overlay-color":"","overlay-gradient":""},"mobile":{"background-color":"","background-image":"","background-repeat":"repeat","background-position":"center center","background-size":"auto","background-attachment":"scroll","background-type":"","background-media":"","overlay-type":"","overlay-color":"","overlay-gradient":""}},"ast-content-background-meta":{"desktop":{"background-color":"var(--ast-global-color-5)","background-image":"","background-repeat":"repeat","background-position":"center center","background-size":"auto","background-attachment":"scroll","background-type":"","background-media":"","overlay-type":"","overlay-color":"","overlay-gradient":""},"tablet":{"background-color":"var(--ast-global-color-5)","background-image":"","background-repeat":"repeat","background-position":"center center","background-size":"auto","background-attachment":"scroll","background-type":"","background-media":"","overlay-type":"","overlay-color":"","overlay-gradient":""},"mobile":{"background-color":"var(--ast-global-color-5)","background-image":"","background-repeat":"repeat","background-position":"center center","background-size":"auto","background-attachment":"scroll","background-type":"","background-media":"","overlay-type":"","overlay-color":"","overlay-gradient":""}},"footnotes":""},"categories":[212,35,4983,452,12451,226],"tags":[27683,22191,12475,8197,6197,27389],"class_list":["post-47233","post","type-post","status-publish","format-standard","hentry","category-biologia-humana","category-ciencias-de-la-vida","category-embriologia-animal","category-embriologia-humana","category-valladolid","category-zoologia","tag-angel-maranon-cabello","tag-cesar-aguirre-viani","tag-enrique-barbosa-ayucar","tag-miguel-gonzalez-perez","tag-pedro-gomez-bosque","tag-represa-de-la-guerra-jose-juan"],"_links":{"self":[{"href":"https:\/\/www.deberes.net\/tesis\/wp-json\/wp\/v2\/posts\/47233","targetHints":{"allow":["GET"]}}],"collection":[{"href":"https:\/\/www.deberes.net\/tesis\/wp-json\/wp\/v2\/posts"}],"about":[{"href":"https:\/\/www.deberes.net\/tesis\/wp-json\/wp\/v2\/types\/post"}],"author":[{"embeddable":true,"href":"https:\/\/www.deberes.net\/tesis\/wp-json\/wp\/v2\/users\/1"}],"replies":[{"embeddable":true,"href":"https:\/\/www.deberes.net\/tesis\/wp-json\/wp\/v2\/comments?post=47233"}],"version-history":[{"count":0,"href":"https:\/\/www.deberes.net\/tesis\/wp-json\/wp\/v2\/posts\/47233\/revisions"}],"wp:attachment":[{"href":"https:\/\/www.deberes.net\/tesis\/wp-json\/wp\/v2\/media?parent=47233"}],"wp:term":[{"taxonomy":"category","embeddable":true,"href":"https:\/\/www.deberes.net\/tesis\/wp-json\/wp\/v2\/categories?post=47233"},{"taxonomy":"post_tag","embeddable":true,"href":"https:\/\/www.deberes.net\/tesis\/wp-json\/wp\/v2\/tags?post=47233"}],"curies":[{"name":"wp","href":"https:\/\/api.w.org\/{rel}","templated":true}]}}