{"id":47313,"date":"2020-04-01T01:29:30","date_gmt":"2020-04-01T01:29:30","guid":{"rendered":"https:\/\/www.deberes.net\/tesis\/sin-categoria\/la-responsabilidad-de-la-administracion-por-los-danos-causados-por-actos-administrativos\/"},"modified":"2020-04-01T01:29:30","modified_gmt":"2020-04-01T01:29:30","slug":"la-responsabilidad-de-la-administracion-por-los-danos-causados-por-actos-administrativos","status":"publish","type":"post","link":"https:\/\/www.deberes.net\/tesis\/ciencias-juridicas-y-derecho\/la-responsabilidad-de-la-administracion-por-los-danos-causados-por-actos-administrativos\/","title":{"rendered":"La responsabilidad de la administracion por los da\u00f1os causados por actos administrativos"},"content":{"rendered":"<h2>Tesis doctoral de <strong> Avelino Blasco Esteve <\/strong><\/h2>\n<p>La tesis trata de la responsabilidad de la administracion por actos administrativos. Tras constatar que este ha sido un tema desatendido por la doctrina cientifica e inaplicado por la jurisprudencia  se efectua un analisis dogmatico del derecho espa\u00f1ol en el que se llega a las conclusiones que siguen. Por lo que respecta a los actos administrativos licitos  se postula como criterio determinante de responsabilidad el del sacrificio especial  especial no tanto en cuanto a la singularidad del da\u00f1o como a la gravedad e intensidad del mismo. En lo que respecta a los actos ilicitos se distingue entre ilegalidades que denotan un funcionamiento anormal de los servicios publicos  los cuales dan lugar siempre a responsabilidad  e ilegalidades tolerables en cuanto debidas a un margen de imperfeccion en el funcionamiento normal de los servicios publicos  margen cuyos da\u00f1os deben ser soportados sin compensacion por lo general por los perjudicados.<\/p>\n<p>&nbsp;<\/p>\n<h3>Datos acad\u00e9micos de la tesis doctoral \u00ab<strong>La responsabilidad de la administracion por los da\u00f1os causados por actos administrativos<\/strong>\u00ab<\/h3>\n<ul>\n<li><strong>T\u00edtulo de la tesis:<\/strong>\u00a0 La responsabilidad de la administracion por los da\u00f1os causados por actos administrativos <\/li>\n<li><strong>Autor:<\/strong>\u00a0 Avelino Blasco Esteve <\/li>\n<li><strong>Universidad:<\/strong>\u00a0 Aut\u00f3noma de barcelona<\/li>\n<li><strong>Fecha de lectura de la tesis:<\/strong>\u00a0 01\/01\/1980<\/li>\n<\/ul>\n<p>&nbsp;<\/p>\n<h3>Direcci\u00f3n y tribunal<\/h3>\n<ul>\n<li><strong>Director de la tesis<\/strong>\n<ul>\n<li>Alejandro Nieto Garc\u00eda<\/li>\n<\/ul>\n<\/li>\n<li><strong>Tribunal<\/strong>\n<ul>\n<li>Presidente del tribunal: Alejandro Nieto Garc\u00eda <\/li>\n<li>Jos\u00e9 Ram\u00f3n Parada V\u00e1zquez (vocal)<\/li>\n<li>Rafael Entrena Cuesta (vocal)<\/li>\n<li>Jes\u00fas Leguina Villa (vocal)<\/li>\n<\/ul>\n<\/li>\n<\/ul>\n<p>&nbsp;<\/p>\n","protected":false},"excerpt":{"rendered":"<p>Tesis doctoral de Avelino Blasco Esteve La tesis trata de la responsabilidad de la administracion por actos administrativos. Tras constatar [&hellip;]<\/p>\n","protected":false},"author":1,"featured_media":0,"comment_status":"open","ping_status":"open","sticky":false,"template":"","format":"standard","meta":{"site-sidebar-layout":"default","site-content-layout":"","ast-site-content-layout":"","site-content-style":"default","site-sidebar-style":"default","ast-global-header-display":"","ast-banner-title-visibility":"","ast-main-header-display":"","ast-hfb-above-header-display":"","ast-hfb-below-header-display":"","ast-hfb-mobile-header-display":"","site-post-title":"","ast-breadcrumbs-content":"","ast-featured-img":"","footer-sml-layout":"","theme-transparent-header-meta":"","adv-header-id-meta":"","stick-header-meta":"","header-above-stick-meta":"","header-main-stick-meta":"","header-below-stick-meta":"","astra-migrate-meta-layouts":"default","ast-page-background-enabled":"default","ast-page-background-meta":{"desktop":{"background-color":"var(--ast-global-color-4)","background-image":"","background-repeat":"repeat","background-position":"center center","background-size":"auto","background-attachment":"scroll","background-type":"","background-media":"","overlay-type":"","overlay-color":"","overlay-gradient":""},"tablet":{"background-color":"","background-image":"","background-repeat":"repeat","background-position":"center center","background-size":"auto","background-attachment":"scroll","background-type":"","background-media":"","overlay-type":"","overlay-color":"","overlay-gradient":""},"mobile":{"background-color":"","background-image":"","background-repeat":"repeat","background-position":"center center","background-size":"auto","background-attachment":"scroll","background-type":"","background-media":"","overlay-type":"","overlay-color":"","overlay-gradient":""}},"ast-content-background-meta":{"desktop":{"background-color":"var(--ast-global-color-5)","background-image":"","background-repeat":"repeat","background-position":"center center","background-size":"auto","background-attachment":"scroll","background-type":"","background-media":"","overlay-type":"","overlay-color":"","overlay-gradient":""},"tablet":{"background-color":"var(--ast-global-color-5)","background-image":"","background-repeat":"repeat","background-position":"center center","background-size":"auto","background-attachment":"scroll","background-type":"","background-media":"","overlay-type":"","overlay-color":"","overlay-gradient":""},"mobile":{"background-color":"var(--ast-global-color-5)","background-image":"","background-repeat":"repeat","background-position":"center center","background-size":"auto","background-attachment":"scroll","background-type":"","background-media":"","overlay-type":"","overlay-color":"","overlay-gradient":""}},"footnotes":""},"categories":[612,1442,979],"tags":[3702,45979,15541,1918,1446],"class_list":["post-47313","post","type-post","status-publish","format-standard","hentry","category-ciencias-juridicas-y-derecho","category-derecho-administrativo","category-derecho-y-legislacion-nacionales","tag-alejandro-nieto-garcia","tag-avelino-blasco-esteve","tag-jesus-leguina-villa","tag-jose-ramon-parada-vazquez","tag-rafael-entrena-cuesta"],"_links":{"self":[{"href":"https:\/\/www.deberes.net\/tesis\/wp-json\/wp\/v2\/posts\/47313","targetHints":{"allow":["GET"]}}],"collection":[{"href":"https:\/\/www.deberes.net\/tesis\/wp-json\/wp\/v2\/posts"}],"about":[{"href":"https:\/\/www.deberes.net\/tesis\/wp-json\/wp\/v2\/types\/post"}],"author":[{"embeddable":true,"href":"https:\/\/www.deberes.net\/tesis\/wp-json\/wp\/v2\/users\/1"}],"replies":[{"embeddable":true,"href":"https:\/\/www.deberes.net\/tesis\/wp-json\/wp\/v2\/comments?post=47313"}],"version-history":[{"count":0,"href":"https:\/\/www.deberes.net\/tesis\/wp-json\/wp\/v2\/posts\/47313\/revisions"}],"wp:attachment":[{"href":"https:\/\/www.deberes.net\/tesis\/wp-json\/wp\/v2\/media?parent=47313"}],"wp:term":[{"taxonomy":"category","embeddable":true,"href":"https:\/\/www.deberes.net\/tesis\/wp-json\/wp\/v2\/categories?post=47313"},{"taxonomy":"post_tag","embeddable":true,"href":"https:\/\/www.deberes.net\/tesis\/wp-json\/wp\/v2\/tags?post=47313"}],"curies":[{"name":"wp","href":"https:\/\/api.w.org\/{rel}","templated":true}]}}